{"id":14315,"date":"2023-03-17T20:35:45","date_gmt":"2023-03-18T02:35:45","guid":{"rendered":"https:\/\/www.aquilaguna.com\/?p=14315"},"modified":"2023-03-17T20:35:45","modified_gmt":"2023-03-18T02:35:45","slug":"protesta-manolo-jimenez-como-candidato-de-la-alianza-ante-panistas-laguneros","status":"publish","type":"post","link":"https:\/\/www.aquilaguna.com\/index.php\/2023\/03\/17\/protesta-manolo-jimenez-como-candidato-de-la-alianza-ante-panistas-laguneros\/","title":{"rendered":"Protesta Manolo Jim\u00e9nez como candidato de la Alianza ante panistas laguneros."},"content":{"rendered":"\n<p>Torre\u00f3n, Coahuila- El Ingeniero Manolo Jim\u00e9nez Salinas,\u00a0 hizo suya la frase del\u00a0 G\u00f3mez Mor\u00edn, uno de los fundadores del Partido Acci\u00f3n Nacional,\u00a0 convocando\u00a0 con un &#8220;Vamos a mover\u00a0 las conciencias\u00a0 de todo Coahuila&#8221;, cerrando con ella su\u00a0 discurso tras rendir protesta como el candidato\u00a0 de la Alianza Ciudadana por la Seguridad  en pos del Gobierno de Coahuila en\u00a0 sexenio pr\u00f3ximo.\u00a0\u00a0<\/p>\n\n\n\n<p>La frase y el recuerdo\u00a0 convocado, arranc\u00f3 las emociones y con ello los aplausos de las decenas de panistas, que la tarde de ayer se concentraron  bajo la carpa montada en el Sal\u00f3n Fontana, para \u00a0 presenciar\u00a0 la hist\u00f3rica\u00a0 protesta de ley, que corri\u00f3 a cargo del l\u00edder nacional de los blanquiazules Marko Cort\u00e9s\u00a0 y entre sus testigos al Licenciado Santiago\u00a0Creel Miranda\u00a0 quien\u00a0 preside la\u00a0 C\u00e1mara\u00a0 de\u00a0 Diputados.<\/p>\n\n\n\n<p>En su turno, tras rendir la protesta de rigor,\u00a0 y ante tan extra\u00f1a audiencia, que hasta momentos antes le era ajena,\u00a0 el Ingeniero Manolo Jim\u00e9nez Salinas\u00a0 se impuso\u00a0 con \u00a0 la firmeza y seguridad con la que\u00a0 se adue\u00f1\u00f3 del\u00a0 micr\u00f3fono, ante el l\u00edder nacional del Partido Acci\u00f3n Nacional\u00a0 Marko Cort\u00e9s y decenas de\u00a0 panistas, dirigentes\u00a0de\u00a0 diversos rangos encabezados por el Presidente de la C\u00e1mara de Diputados Santiago Creel Miranda, alcaldes y alcaldesas, dirigentes hist\u00f3ricos \u00a0 quienes\u00a0 lo hab\u00edan antecedido\u00a0 en el mismo, generando para muchos de los ah\u00ed presentes,\u00a0 encontradas emociones.<\/p>\n\n\n\n<p>En medio de un mar de banderas \u00a0 y pendones\u00a0 con el logotipo del partido de los blanquiazules,\u00a0 concentrados bajo la gigantesca carpa que los aloj\u00f3 en el Sal\u00f3n Fontana, el Ingeniero Jim\u00e9nez Salinas\u00a0 agradeci\u00f3 \u00a0 la presencia y apoyo de los\u00a0dirigentes nacionales, diputados,\u00a0 a Elisa Maldonado,\u00a0 regidores alcaldesas y alcaldes\u00a0 y &#8220;la gente buena de Acci\u00f3n Nacional&#8221;.<\/p>\n\n\n\n<p>Explicaba luego que,\u00a0&#8220;hace unos meses cuando\u00a0 dijimos que \u00edbamos a tocar puertas\u00a0 de diferentes instituciones pol\u00edticas, y ah\u00ed fue cuando tocamos\u00a0 la puerta del PAN&#8221;.\u00a0<\/p>\n\n\n\n<p>&#8220;Y de manera muy generosa, nos abrieron esta puerta. Por eso\u00a0 quiero agradecer este d\u00eda a todos\u00a0 y todas las panistas por su generosidad y su confianza. Much\u00edsimas gracias por permitirme estar aqu\u00ed, con todos y todas Ustedes&#8221;.<\/p>\n\n\n\n<p>&#8220;Esa confianza, de este trabajo que\u00a0 logramos en una gran precampa\u00f1a\u00a0 a en la que caminos juntos y en la que dejamos claro que era muy importante conservar las cosas buenas que tenemos en Coahuila&#8221;.<\/p>\n\n\n\n<p>Y enumer\u00f3 entre tales cosas buenas; &#8220;la seguridad,\u00a0 conservar el desarrollo econ\u00f3mico, conservar la calidad de vida de lo que m\u00e1s amamos en nuestras vidas, que son nuestras familias&#8221;.<\/p>\n\n\n\n<p>&#8220;Pero tambi\u00e9n diremos tambi\u00e9n que era muy importante innovar,\u00a0 y por supuesto cambiar lo que hab\u00edamos que cambiar&#8221;.<\/p>\n\n\n\n<p>&#8220;La precampa\u00f1a nos dio la oportunidad\u00a0 de recorrer toda\u00a0 Coahuila y encontrarnos, de meter el acelerador&#8221;.<\/p>\n\n\n\n<p>&#8220;Logramos algo muy importante en esta precampa\u00f1a que fue el\u00a0 convertirnos en el punto de encuentro de todos y todas las coahuilenses que quieren\u00a0 hacer algo bueno por nuestro Estado&#8221;.<\/p>\n\n\n\n<p>Coahuila, sostuvo, &#8220;es mucho m\u00e1s grande que nuestros partidos pol\u00edticos y hoy es el punto de encuentro, hoy nuestra bandera, nuestro partido, se llama Coahuila&#8221;.\u00a0<\/p>\n\n\n\n<p>&#8220;Aqu\u00ed estamos los que queremos a Coahuila, los que queremos nuestro Estado, los que vivimos aqu\u00ed con nuestras familia, los que vamos a darlo todo, los que no permitiremos que lleguen esos gobiernos destructivos que quieren transformar\u00a0 a Coahuila en un\u00a0 Estado de violencia y caos&#8221;.<\/p>\n\n\n\n<p>&#8220;Aqu\u00ed estamos los\u00a0 que somos patriotas, por eso el d\u00eda de hoy quiero aprovechar para pedirles un favor, para con humildad decirle que me echen la mano, que me ayuden a ser gobernador que vamos por buen camino, hemos ido avanzando&#8221;.<\/p>\n\n\n\n<p>&#8220;No tengan la\u00a0 menor duda de que vamos a ganar&#8221;, dec\u00eda, &#8220;pero\u00a0 que tenemos el mejor equipo en cada una\u00a0 de cada uno de ustedes. Vamos a ganar porque en su momento tenemos y presentaremos \u00a0 las mejores propuestas y compromisos con nuestra gente\u00a0de las colonias, de los barrios, de los ejidos, compromisos con los empresarios, compromisos con los l\u00edderes\u00a0 sociales, con la sociedad civil organizada, con nuestra gente&#8221;.<\/p>\n\n\n\n<p>&#8220;Por eso, mi querido Marko, el compromiso\u00a0 de presentar\u00a0 propuestas\u00a0 similares a las pol\u00edticas p\u00fablicas exitosas de los\u00a0 gobiernos emanados del PAN,\u00a0 en los diferentes Estados de\u00a0 la Rep\u00fablica&#8221;.\u00a0<\/p>\n\n\n\n<p>Es muy importante, afirm\u00f3, &#8220;que no nos confiemos, que trabajemos y vayamos \u00a0 por nuestro familia, por todos nuestros amigos,\u00a0 nuestros vecinos&#8221;.<\/p>\n\n\n\n<p>&#8220;Estoy listo, para irnos pa\u2019delante con todo, para inyectar toda nuestra fuerza, toda nuestra energ\u00eda y todo nuestro compromiso. Estoy listo para ir juntos con todos y todas ustedes\u00a0 y que juntos como la gran familia de coahuilenses que somos, sigamos\u00a0 construyendo la grandeza de esta tierra bendita\u00a0 de M\u00e9xico \u00a1Much\u00edsimas Gracias\u00a1&#8221;\u00a0<\/p>\n","protected":false},"excerpt":{"rendered":"<p>Torre\u00f3n, Coahuila- El Ingeniero Manolo Jim\u00e9nez Salinas,\u00a0 hizo suya la frase del\u00a0 G\u00f3mez Mor\u00edn, uno de los fundadores del Partido Acci\u00f3n Nacional,\u00a0 convocando\u00a0 con un &#8220;Vamos a mover\u00a0 las conciencias\u00a0 de todo Coahuila&#8221;, cerrando con ella su\u00a0 discurso tras rendir protesta como el candidato\u00a0 de la Alianza Ciudadana por la Seguridad en pos del Gobierno de Coahuila en\u00a0 sexenio pr\u00f3ximo.\u00a0\u00a0 La frase y el recuerdo\u00a0 convocado, arranc\u00f3 las emociones y&#8230;<\/p>\n","protected":false},"author":2,"featured_media":0,"comment_status":"closed","ping_status":"","sticky":false,"template":"","format":"standard","meta":{"footnotes":""},"categories":[97,20,17,16,7],"tags":[],"class_list":["post-14315","post","type-post","status-publish","format-standard","hentry","category-alianza-ciudadana","category-campanas","category-pan","category-pri","category-torreon","wpcat-97-id","wpcat-20-id","wpcat-17-id","wpcat-16-id","wpcat-7-id"],"_links":{"self":[{"href":"https:\/\/www.aquilaguna.com\/index.php\/wp-json\/wp\/v2\/posts\/14315","targetHints":{"allow":["GET"]}}],"collection":[{"href":"https:\/\/www.aquilaguna.com\/index.php\/wp-json\/wp\/v2\/posts"}],"about":[{"href":"https:\/\/www.aquilaguna.com\/index.php\/wp-json\/wp\/v2\/types\/post"}],"author":[{"embeddable":true,"href":"https:\/\/www.aquilaguna.com\/index.php\/wp-json\/wp\/v2\/users\/2"}],"replies":[{"embeddable":true,"href":"https:\/\/www.aquilaguna.com\/index.php\/wp-json\/wp\/v2\/comments?post=14315"}],"version-history":[{"count":1,"href":"https:\/\/www.aquilaguna.com\/index.php\/wp-json\/wp\/v2\/posts\/14315\/revisions"}],"predecessor-version":[{"id":14316,"href":"https:\/\/www.aquilaguna.com\/index.php\/wp-json\/wp\/v2\/posts\/14315\/revisions\/14316"}],"wp:attachment":[{"href":"https:\/\/www.aquilaguna.com\/index.php\/wp-json\/wp\/v2\/media?parent=14315"}],"wp:term":[{"taxonomy":"category","embeddable":true,"href":"https:\/\/www.aquilaguna.com\/index.php\/wp-json\/wp\/v2\/categories?post=14315"},{"taxonomy":"post_tag","embeddable":true,"href":"https:\/\/www.aquilaguna.com\/index.php\/wp-json\/wp\/v2\/tags?post=14315"}],"curies":[{"name":"wp","href":"https:\/\/api.w.org\/{rel}","templated":true}]}}