{"id":14346,"date":"2023-03-22T17:52:23","date_gmt":"2023-03-22T23:52:23","guid":{"rendered":"https:\/\/www.aquilaguna.com\/?p=14346"},"modified":"2023-03-22T17:52:24","modified_gmt":"2023-03-22T23:52:24","slug":"mas-de-600-elementos-participaran-en-operativo-de-seguridad-de-semana-santa-en-la-laguna","status":"publish","type":"post","link":"https:\/\/www.aquilaguna.com\/index.php\/2023\/03\/22\/mas-de-600-elementos-participaran-en-operativo-de-seguridad-de-semana-santa-en-la-laguna\/","title":{"rendered":"M\u00c1S DE 600 ELEMENTOS PARTICIPAR\u00c1N EN OPERATIVO DE SEGURIDAD DE SEMANA SANTA EN LA LAGUNA."},"content":{"rendered":"\n<p>Torre\u00f3n, Coahuila de Zaragoza; a 21 de Marzo de 2023.- M\u00e1s\u00a0\u00a0de 600 elementos de los tres \u00f3rdenes de Gobierno participar\u00e1n en el Operativo de Seguridad de Semana Santa 2023, con la \u00fanica misi\u00f3n de garantizar la seguridad e integridad f\u00edsica de las y los ciudadanos de La laguna que acudir\u00e1n a los diferentes paseos y, sobre todo, que se dar\u00e1n cita en el Viacrucis 2023.<\/p>\n\n\n\n<p>Hoy se llev\u00f3 a cabo una reuni\u00f3n m\u00e1s para afinar detalles rumbo a la escenificaci\u00f3n de Jes\u00fas en su Camino hacia la Cruz, y en representaci\u00f3n del gobernador Miguel \u00c1ngel Riquelme Sol\u00eds, el titular de Comunicaci\u00f3n e Imagen Institucional del Gobierno de Coahuila, Fernando Sim\u00f3n Guti\u00e9rrez P\u00e9rez, ratific\u00f3: \u201cEl prop\u00f3sito es tener todo bien organizado y que la gente s\u00f3lo se dedique a disfrutar del Viacrucis\u201d.<\/p>\n\n\n\n<p>Advirti\u00f3 que a trav\u00e9s de los diarios locales se publicar\u00e1n todas las recomendaciones para mantener informada a la ciudadan\u00eda puntualmente.<\/p>\n\n\n\n<p>Por su parte, Natalia Fern\u00e1ndez Mart\u00ednez, Secretaria de Ayuntamiento de Torre\u00f3n, destac\u00f3 que la indicaci\u00f3n del alcalde Rom\u00e1n Alberto Cepeda Gonz\u00e1lez es que la ciudadan\u00eda est\u00e9 enterada de que va a un evento que contar\u00e1 con todas las medidas de seguridad.<\/p>\n\n\n\n<p>Advirti\u00f3 que los puntos a cubrir son:<\/p>\n\n\n\n<p>PROTECCI\u00d3N CIVIL, VIALIDAD Y BOMBEROS<\/p>\n\n\n\n<p>+ Calle Industria y Comonfort.<\/p>\n\n\n\n<p>+ Calle Industria y Grandes Misterios.<\/p>\n\n\n\n<p>+ Calle Industria y Gustavo A. Madero, ser\u00e1 zona de vendedores ambulantes, donde esperan un n\u00famero aproximado de 90.<\/p>\n\n\n\n<p>+ Calle de los Grandes Misterios.<\/p>\n\n\n\n<p>+ Puerto Noas.<\/p>\n\n\n\n<p>+ Gustavo A. Madero y Calle Pino Su\u00e1rez.<\/p>\n\n\n\n<p>+ Matamoros y Trevi\u00f1o.<\/p>\n\n\n\n<p>PROTECCI\u00d3N CIVIL Y BOMBEROS<\/p>\n\n\n\n<p>+ Entrada por C. R\u00edo Bravo y Calz. De los Misterios.<\/p>\n\n\n\n<p>+ Subida a Puerto Noas.<\/p>\n\n\n\n<p>+ Inicio de la Capillas (Estela a San Judas).<\/p>\n\n\n\n<p>+ Frente a Capilla de Cristo M\u00e9dico.<\/p>\n\n\n\n<p>+ Fuera al Estacionamiento.<\/p>\n\n\n\n<p>+ Explanada Noas.<\/p>\n\n\n\n<p>+ Puesto de mando en Mirador Noas.<\/p>\n\n\n\n<p>RECOMENDACIONES<\/p>\n\n\n\n<p>Algunas de las recomendaciones para las personas que van a acudir son:<\/p>\n\n\n\n<p>+ Usar ropa blanca y manga larga.<\/p>\n\n\n\n<p>+ Usar bloqueador.<\/p>\n\n\n\n<p>+ Llevar gorra.<\/p>\n\n\n\n<p>+ No cargar o llevar cosas pesadas.<\/p>\n\n\n\n<p>+ No perder de vista a los ni\u00f1os.<\/p>\n\n\n\n<p>+ No subirse o sentarse en las orillas de las bardas.<\/p>\n\n\n\n<p>+ Desayunar antes de acudir al evento.<\/p>\n\n\n\n<p>+ No hacer sobre esfuerzo al ascenso.<\/p>\n\n\n\n<p>+ Llevar agua y mantenerse hidratados.<\/p>\n\n\n\n<p>+ Permanecer a la sombra o llevar sombrilla.<\/p>\n\n\n\n<p>+ Respetar se\u00f1alamientos de seguridad, Protecci\u00f3n Civil, Bomberos y vialidad.<\/p>\n\n\n\n<p>Asimismo, V\u00edctor Manuel G\u00f3mez Hern\u00e1ndez, Rector del Santuario del Cristo Rey del Cerro de las Noas, agradeci\u00f3 el respaldo de los Gobiernos Federal, Estatal y Municipal para el evento, que podr\u00eda congregar hasta 75 mil feligreses.<\/p>\n\n\n\n<p>Participaron en esta reuni\u00f3n Luis T\u00e9llez Montes, Director de Turismo; Ver\u00f3nica Soto D\u00edaz, del Telef\u00e9rico Torre\u00f3n; Juan P\u00e9rez Ortega, titular de la Jurisdicci\u00f3n 6; as\u00ed como los titulares de las distintas dependencias, como Plazas y Mercados, Tr\u00e1nsito y Vialidad, Seguridad P\u00fablica, entre otras.<\/p>\n\n\n\n<p>El Viacrucis dar\u00e1 inicio a las 09:00 horas del d\u00eda viernes 7 de abril, por lo que hizo una invitaci\u00f3n a la poblaci\u00f3n en general a no perd\u00e9rselo.<\/p>\n","protected":false},"excerpt":{"rendered":"<p>Torre\u00f3n, Coahuila de Zaragoza; a 21 de Marzo de 2023.- M\u00e1s\u00a0\u00a0de 600 elementos de los tres \u00f3rdenes de Gobierno participar\u00e1n en el Operativo de Seguridad de Semana Santa 2023, con la \u00fanica misi\u00f3n de garantizar la seguridad e integridad f\u00edsica de las y los ciudadanos de La laguna que acudir\u00e1n a los diferentes paseos y, sobre todo, que se dar\u00e1n cita en el Viacrucis 2023. Hoy se llev\u00f3 a cabo&#8230;<\/p>\n","protected":false},"author":1,"featured_media":14347,"comment_status":"closed","ping_status":"closed","sticky":false,"template":"","format":"standard","meta":{"footnotes":""},"categories":[5,15,24],"tags":[],"class_list":["post-14346","post","type-post","status-publish","format-standard","has-post-thumbnail","hentry","category-coahuila","category-gobierno-de-coahuila","category-seguridad","wpcat-5-id","wpcat-15-id","wpcat-24-id"],"_links":{"self":[{"href":"https:\/\/www.aquilaguna.com\/index.php\/wp-json\/wp\/v2\/posts\/14346","targetHints":{"allow":["GET"]}}],"collection":[{"href":"https:\/\/www.aquilaguna.com\/index.php\/wp-json\/wp\/v2\/posts"}],"about":[{"href":"https:\/\/www.aquilaguna.com\/index.php\/wp-json\/wp\/v2\/types\/post"}],"author":[{"embeddable":true,"href":"https:\/\/www.aquilaguna.com\/index.php\/wp-json\/wp\/v2\/users\/1"}],"replies":[{"embeddable":true,"href":"https:\/\/www.aquilaguna.com\/index.php\/wp-json\/wp\/v2\/comments?post=14346"}],"version-history":[{"count":1,"href":"https:\/\/www.aquilaguna.com\/index.php\/wp-json\/wp\/v2\/posts\/14346\/revisions"}],"predecessor-version":[{"id":14348,"href":"https:\/\/www.aquilaguna.com\/index.php\/wp-json\/wp\/v2\/posts\/14346\/revisions\/14348"}],"wp:featuredmedia":[{"embeddable":true,"href":"https:\/\/www.aquilaguna.com\/index.php\/wp-json\/wp\/v2\/media\/14347"}],"wp:attachment":[{"href":"https:\/\/www.aquilaguna.com\/index.php\/wp-json\/wp\/v2\/media?parent=14346"}],"wp:term":[{"taxonomy":"category","embeddable":true,"href":"https:\/\/www.aquilaguna.com\/index.php\/wp-json\/wp\/v2\/categories?post=14346"},{"taxonomy":"post_tag","embeddable":true,"href":"https:\/\/www.aquilaguna.com\/index.php\/wp-json\/wp\/v2\/tags?post=14346"}],"curies":[{"name":"wp","href":"https:\/\/api.w.org\/{rel}","templated":true}]}}