{"id":14372,"date":"2023-03-23T16:33:59","date_gmt":"2023-03-23T22:33:59","guid":{"rendered":"https:\/\/www.aquilaguna.com\/?p=14372"},"modified":"2023-03-23T16:34:00","modified_gmt":"2023-03-23T22:34:00","slug":"respalda-el-gobierno-de-coahuila-a-meloneros-de-viesca","status":"publish","type":"post","link":"https:\/\/www.aquilaguna.com\/index.php\/2023\/03\/23\/respalda-el-gobierno-de-coahuila-a-meloneros-de-viesca\/","title":{"rendered":"RESPALDA EL GOBIERNO DE COAHUILA A MELONEROS DE VIESCA."},"content":{"rendered":"\n<p>\u00b7\u00a0\u00a0\u00a0\u00a0\u00a0\u00a0<strong><em>Con la reposici\u00f3n de pozo agr\u00edcola<\/em><\/strong><\/p>\n\n\n\n<p>Saltillo, Coahuila de Zaragoza; a 23 de Marzo de 2023.- El Gobierno de Miguel \u00c1ngel Riquelme Sol\u00eds, en coordinaci\u00f3n con la Comisi\u00f3n Nacional del Agua y productores, termin\u00f3 la reposici\u00f3n del pozo agr\u00edcola en el Ejido La Fe, de Viesca.<\/p>\n\n\n\n<p>Jos\u00e9 Luis Flores M\u00e9ndez, Secretario de Desarrollo Rural (SDR) de Coahuila, explic\u00f3 que en los trabajos se ejerci\u00f3 una bolsa de 2.9 millones de pesos, cubiertos en forma tripartita.<\/p>\n\n\n\n<p>De la cifra, el 50 por ciento&nbsp;&nbsp;(1.4 millones de pesos) corresponde a recursos federales, en tanto el Gobierno del Estado y los productores cubrieron el resto en partes iguales.<\/p>\n\n\n\n<p>El pozo, que dejar\u00e1 un gasto de 35 litros por segundo, permitir\u00e1 el riego de 60 hect\u00e1reas sembradas con mel\u00f3n en esta comunidad enclavada en la Regi\u00f3n Laguna.<\/p>\n\n\n\n<p>Detall\u00f3 que los trabajos consistieron en la reposici\u00f3n del pozo y se aprovech\u00f3 el equipo de bombeo para su reutilizaci\u00f3n.<\/p>\n\n\n\n<p>La obra, que beneficia directamente a 17 familias, concluy\u00f3, se llev\u00f3 a cabo dentro del Programa de Infraestructura Hidro-agr\u00edcola, a trav\u00e9s de la Rehabilitaci\u00f3n,&nbsp;&nbsp;Modernizaci\u00f3n, Tecnificaci\u00f3n y&nbsp;&nbsp;Equipamiento de Unidades de Riego, que se maneja en conjunto con la CONAGUA.<\/p>\n","protected":false},"excerpt":{"rendered":"<p>\u00b7\u00a0\u00a0\u00a0\u00a0\u00a0\u00a0Con la reposici\u00f3n de pozo agr\u00edcola Saltillo, Coahuila de Zaragoza; a 23 de Marzo de 2023.- El Gobierno de Miguel \u00c1ngel Riquelme Sol\u00eds, en coordinaci\u00f3n con la Comisi\u00f3n Nacional del Agua y productores, termin\u00f3 la reposici\u00f3n del pozo agr\u00edcola en el Ejido La Fe, de Viesca. Jos\u00e9 Luis Flores M\u00e9ndez, Secretario de Desarrollo Rural (SDR) de Coahuila, explic\u00f3 que en los trabajos se ejerci\u00f3 una bolsa de 2.9 millones de&#8230;<\/p>\n","protected":false},"author":1,"featured_media":14373,"comment_status":"closed","ping_status":"closed","sticky":false,"template":"","format":"standard","meta":{"footnotes":""},"categories":[35,32,5,15],"tags":[],"class_list":["post-14372","post","type-post","status-publish","format-standard","has-post-thumbnail","hentry","category-agricultura","category-agua","category-coahuila","category-gobierno-de-coahuila","wpcat-35-id","wpcat-32-id","wpcat-5-id","wpcat-15-id"],"_links":{"self":[{"href":"https:\/\/www.aquilaguna.com\/index.php\/wp-json\/wp\/v2\/posts\/14372","targetHints":{"allow":["GET"]}}],"collection":[{"href":"https:\/\/www.aquilaguna.com\/index.php\/wp-json\/wp\/v2\/posts"}],"about":[{"href":"https:\/\/www.aquilaguna.com\/index.php\/wp-json\/wp\/v2\/types\/post"}],"author":[{"embeddable":true,"href":"https:\/\/www.aquilaguna.com\/index.php\/wp-json\/wp\/v2\/users\/1"}],"replies":[{"embeddable":true,"href":"https:\/\/www.aquilaguna.com\/index.php\/wp-json\/wp\/v2\/comments?post=14372"}],"version-history":[{"count":1,"href":"https:\/\/www.aquilaguna.com\/index.php\/wp-json\/wp\/v2\/posts\/14372\/revisions"}],"predecessor-version":[{"id":14374,"href":"https:\/\/www.aquilaguna.com\/index.php\/wp-json\/wp\/v2\/posts\/14372\/revisions\/14374"}],"wp:featuredmedia":[{"embeddable":true,"href":"https:\/\/www.aquilaguna.com\/index.php\/wp-json\/wp\/v2\/media\/14373"}],"wp:attachment":[{"href":"https:\/\/www.aquilaguna.com\/index.php\/wp-json\/wp\/v2\/media?parent=14372"}],"wp:term":[{"taxonomy":"category","embeddable":true,"href":"https:\/\/www.aquilaguna.com\/index.php\/wp-json\/wp\/v2\/categories?post=14372"},{"taxonomy":"post_tag","embeddable":true,"href":"https:\/\/www.aquilaguna.com\/index.php\/wp-json\/wp\/v2\/tags?post=14372"}],"curies":[{"name":"wp","href":"https:\/\/api.w.org\/{rel}","templated":true}]}}