{"id":14396,"date":"2023-03-24T16:33:18","date_gmt":"2023-03-24T22:33:18","guid":{"rendered":"https:\/\/www.aquilaguna.com\/?p=14396"},"modified":"2023-03-24T16:33:18","modified_gmt":"2023-03-24T22:33:18","slug":"asiste-a-la-jornada-economica-2023-organizada-por-alumnas-y-alumnas-de-la-uadec","status":"publish","type":"post","link":"https:\/\/www.aquilaguna.com\/index.php\/2023\/03\/24\/asiste-a-la-jornada-economica-2023-organizada-por-alumnas-y-alumnas-de-la-uadec\/","title":{"rendered":"Asiste a la Jornada Econ\u00f3mica 2023 Organizada por Alumnas y Alumnas de la UAdeC."},"content":{"rendered":"\n<p>SALTILLO, Coahuila. 24 de marzo de 2023. Con el objetivo de compartir<br>conocimientos y experiencias acerca de la ciencia econ\u00f3mica, alumnos de sexto<br>semestre de la Facultad de Econom\u00eda de la Universidad Aut\u00f3noma de Coahuila,<br>invitan a la comunidad universitaria y p\u00fablico en general a la Jornada Econ\u00f3mica<br>2023, los d\u00edas 29 y 30 de marzo.<\/p>\n\n\n\n<p>A desarrollarse en el auditorio de la Preparatoria N\u00famero 1 en la Unidad<br>Camporredondo a partir de las 9 de la ma\u00f1ana y hasta las 2 de la tarde, se<br>ofrecer\u00e1n conferencias sobre la ciencia econ\u00f3mica con lenguaje aplicable a la vida<br>cotidiana, adem\u00e1s de concursos y din\u00e1micas que fomenten la participaci\u00f3n de las<br>y los asistentes.<\/p>\n\n\n\n<p>Jairo Morales Rodr\u00edguez, alumno de sexto semestre y coordinador del comit\u00e9<br>organizador, integrado por Adriana Rodr\u00edguez B\u00e1ez, Jatniel Neftal\u00ed Olivo<br>Cervantes, Karla Valeria Pinales Flores, Luis L\u00f3pez Cepeda y Claudia Irene<br>Zapata Hern\u00e1ndez, explic\u00f3 que este a\u00f1o se decidi\u00f3 extender la invitaci\u00f3n al<br>p\u00fablico en general, pues considera permitente abrir estos temas y hacer flexible su<br>conocimiento, ya que son aspectos que afectan diariamente a las personas,<br>porque la econom\u00eda se vive a diario.<\/p>\n\n\n\n<p>La inauguraci\u00f3n del evento ser\u00e1 el mi\u00e9rcoles 29 de marzo a las 8:30 horas con la<br>asistencia de autoridades directivas y universitarias; a las 9:00 horas el Dr. Ra\u00fal<br>Alfonso Villarreal Flores, coordinador de Posgrado e Investigaci\u00f3n de la Facultad<br>de Jurisprudencia y autor del libro El Disfraz del Dinero: Evasi\u00f3n Fiscal y la Cultura<br>Tributaria en M\u00e9xico, presentar\u00e1 la conferencia \u201cEl lavado de dinero y la<br>fiscalizaci\u00f3n\u201d.<\/p>\n\n\n\n<p>Para las 10:30 horas, se llevar\u00e1 a cabo una subasta de art\u00edculos antiguos y<br>ex\u00f3ticos como monedas, libros, l\u00e1mparas, relojes, una freidora de aire, entre otros<br>y es organizada por estudiantes de la materia \u201cOrganizaci\u00f3n Industrial\u201d; la subasta<br>se va a manejar con distintos modelos como sobre cerrado, de primer y segundo<br>precio, al alza y a la baja.<\/p>\n\n\n\n<p>Para las 12:00 horas se impartir\u00e1 la conferencia \u201cDel aula al mundo laboral\u201d por<br>Angie Huerta, egresada de la Facultad de Econom\u00eda de la UAdeC y quien ha<br>tenido experiencia dentro de la pol\u00edtica local y estatal, actualmente es<br>Coordinadora Regional de la Red Mundial de J\u00f3venes Pol\u00edticos, charlar\u00e1 sobre su<br>experiencia en los temas de participaci\u00f3n pol\u00edtica de la mujer.<\/p>\n\n\n\n<p>A las 13:00 horas ser\u00e1 la premiaci\u00f3n del Concurso de Mercado Financiero, que en<br>d\u00edas previos se realiz\u00f3 con una simulaci\u00f3n de mercado financiero, en este evento<br>se entregar\u00e1 el premio a la persona que haya realizado el mejor manejo de cuenta<br>ficticia.<\/p>\n\n\n\n<p>Para el jueves 30 de marzo, continuar\u00e1n las actividades de la Jornada con la<br>recapitulaci\u00f3n del d\u00eda anterior y a las 9:00 horas ser\u00e1 la conferencia \u201cVivienda y<br>Desarrollo Sostenible\u201d, a cargo de Enrique Mart\u00ednez y Morales, secretario de<br>Vivienda y Ordenamiento Territorial del estado de Coahuila.<\/p>\n\n\n\n<p>A las 10:30 horas ser\u00e1 la Premiaci\u00f3n Concurso de Ajedrez, que previamente se<br>realiz\u00f3 en la facultad entre los estudiantes, y ser\u00e1 para quien haya ganado todas<br>las rondas del concurso expr\u00e9s; a las 11:00 horas a cargo Jorge Omar Moreno<br>Trevi\u00f1o, investigador del Sistema Nacional de Investigadores y catedr\u00e1tico de la<br>Facultad de Econom\u00eda de la Universidad Aut\u00f3noma de Nuevo Le\u00f3n, charlar\u00e1<br>sobre la Econom\u00eda en sus distintas ramas como la salud, la familia, la empresa, la<br>movilidad, laboral, entre otras.<\/p>\n\n\n\n<p>A las 12:00 horas ser\u00e1 el evento denominado \u201c100 economistas dijeron\u201d, actividad<br>con rondas eliminatorias, con seis equipos participantes integrado cada uno por<br>tres estudiantes, se realizar\u00e1n rondas eliminatorias por pares de equipos hasta<br>obtener a un \u00fanico equipo ganador.<\/p>\n\n\n\n<p>Para asistir o participar, as\u00ed como para m\u00e1s informaci\u00f3n llamar al celular 844<br>1579275 o en la p\u00e1gina de Facebook<br><a href=\"https:\/\/www.facebook.com\/facultad.economiasaltillo.7\" target=\"_blank\" rel=\"noreferrer noopener\">https:\/\/www.facebook.com\/facultad.economiasaltillo.7<\/a> Facultad Econom\u00eda Saltillo<br>Economista.<\/p>\n","protected":false},"excerpt":{"rendered":"<p>SALTILLO, Coahuila. 24 de marzo de 2023. Con el objetivo de compartirconocimientos y experiencias acerca de la ciencia econ\u00f3mica, alumnos de sextosemestre de la Facultad de Econom\u00eda de la Universidad Aut\u00f3noma de Coahuila,invitan a la comunidad universitaria y p\u00fablico en general a la Jornada Econ\u00f3mica2023, los d\u00edas 29 y 30 de marzo. A desarrollarse en el auditorio de la Preparatoria N\u00famero 1 en la UnidadCamporredondo a partir de las 9&#8230;<\/p>\n","protected":false},"author":1,"featured_media":14397,"comment_status":"closed","ping_status":"closed","sticky":false,"template":"","format":"standard","meta":{"footnotes":""},"categories":[2],"tags":[],"class_list":["post-14396","post","type-post","status-publish","format-standard","has-post-thumbnail","hentry","category-uadec","wpcat-2-id"],"_links":{"self":[{"href":"https:\/\/www.aquilaguna.com\/index.php\/wp-json\/wp\/v2\/posts\/14396","targetHints":{"allow":["GET"]}}],"collection":[{"href":"https:\/\/www.aquilaguna.com\/index.php\/wp-json\/wp\/v2\/posts"}],"about":[{"href":"https:\/\/www.aquilaguna.com\/index.php\/wp-json\/wp\/v2\/types\/post"}],"author":[{"embeddable":true,"href":"https:\/\/www.aquilaguna.com\/index.php\/wp-json\/wp\/v2\/users\/1"}],"replies":[{"embeddable":true,"href":"https:\/\/www.aquilaguna.com\/index.php\/wp-json\/wp\/v2\/comments?post=14396"}],"version-history":[{"count":1,"href":"https:\/\/www.aquilaguna.com\/index.php\/wp-json\/wp\/v2\/posts\/14396\/revisions"}],"predecessor-version":[{"id":14398,"href":"https:\/\/www.aquilaguna.com\/index.php\/wp-json\/wp\/v2\/posts\/14396\/revisions\/14398"}],"wp:featuredmedia":[{"embeddable":true,"href":"https:\/\/www.aquilaguna.com\/index.php\/wp-json\/wp\/v2\/media\/14397"}],"wp:attachment":[{"href":"https:\/\/www.aquilaguna.com\/index.php\/wp-json\/wp\/v2\/media?parent=14396"}],"wp:term":[{"taxonomy":"category","embeddable":true,"href":"https:\/\/www.aquilaguna.com\/index.php\/wp-json\/wp\/v2\/categories?post=14396"},{"taxonomy":"post_tag","embeddable":true,"href":"https:\/\/www.aquilaguna.com\/index.php\/wp-json\/wp\/v2\/tags?post=14396"}],"curies":[{"name":"wp","href":"https:\/\/api.w.org\/{rel}","templated":true}]}}