{"id":1441,"date":"2021-04-08T18:28:51","date_gmt":"2021-04-08T23:28:51","guid":{"rendered":"https:\/\/www.aquilaguna.com\/?p=1441"},"modified":"2021-04-08T18:28:52","modified_gmt":"2021-04-08T23:28:52","slug":"el-registro-de-las-candidaturas-rechazadas-por-el-ine","status":"publish","type":"post","link":"https:\/\/www.aquilaguna.com\/index.php\/2021\/04\/08\/el-registro-de-las-candidaturas-rechazadas-por-el-ine\/","title":{"rendered":"EL REGISTRO DE LAS CANDIDATURAS RECHAZADAS POR EL INE."},"content":{"rendered":"\n<p><strong>Por Fernando Rangel de Le\u00f3n<\/strong><\/p>\n\n\n\n<p>En estos d\u00edas el Tribunal Electoral del Poder Judicial de la Federaci\u00f3n<br>TEPJF, resolver\u00e1 los recursos de apelaci\u00f3n que interpusieron los aspirantes a<br>candidatos a los gobiernos de Guerrero y de Michoac\u00e1n, F\u00e9lix Salgado Macedonio<br>y Ra\u00fal Mor\u00f3n, respectivamente; y Luis Fernando Salazar Fern\u00e1ndez, a la alcald\u00eda<br>de Torre\u00f3n, Coahuila, por Movimiento Regeneraci\u00f3n Nacional MORENA, y otros<br>m\u00e1s de este partido; en contra de la negativa del Instituto Nacional Electoral INE,<br>del registro de sus candidaturas.<\/p>\n\n\n\n<p>Las razones por las que el INE neg\u00f3 el registro, fue que dichos aspirantes no<br>le reportaron los gastos de sus precampa\u00f1as para posicionarse como candidatos;<br>las cuales han sido rebatidas por los apelantes argumentando que no se trat\u00f3 de<br>actos de precampa\u00f1a, sino de expresiones p\u00fablicas para ser tomados en cuenta,<br>no como candidatos sino como pretendientes a serlo; y por lo tanto no se<br>colocaron en el supuesto jur\u00eddico previsto para tama\u00f1a y trascendental sanci\u00f3n.<\/p>\n\n\n\n<p>El INE, es una instancia administrativa que para dictar sus resoluciones no<br>necesita de razonamientos constitucionales profundos ni pruebas id\u00f3neas,<br>suficientes y bastantes; pues les basta una apreciaci\u00f3n m\u00e1s burocr\u00e1tica que<br>jur\u00eddica; toda vez que no tiene jurisdicci\u00f3n, o sea, facultad de decir el derecho al<br>caso concreto que le planteen las partes; pues en el caso neg\u00f3 el registro de las<br>candidaturas conforme a su criterio y de acuerdo a la interpretaci\u00f3n, es decir, al<br>desentra\u00f1amiento del significado que dio a las palabras precampa\u00f1a, campa\u00f1a,<br>aspirante y candidato; y que desde luego no es una interpretaci\u00f3n jur\u00eddica.<\/p>\n\n\n\n<p>En cambio el TEPJF, est\u00e1 obligado a analizar concienzuda, profunda y<br>ampliamente los agravios, los razonamientos l\u00f3gico-jur\u00eddicos, expresados por los<br>apelantes, o sea, en los que se dice la parte de las leyes y de la constituci\u00f3n que<br>el INE viol\u00f3 en su perjuicio, al negarles su registro; de acuerdo con las pruebas<br>documentales, las actuaciones y las presuncionales.<\/p>\n\n\n\n<p>Es muy probable que el TEPJF, declare fundados y operantes los agravios, y<br>en consecuencia revocar\u00e1 la negativa del INE del registro de las candidaturas; con<br>lo que los candidatos iniciar\u00edan de inmediato sus campa\u00f1as electorales, que<br>ma\u00f1osamente el INE, les retras\u00f3 por alrededor de una semana y media, que los<br>otros candidatos y partidos les llevan de ventaja.<\/p>\n\n\n\n<p>Para demostrar que en este r\u00e9gimen s\u00ed hay Estado de Derecho, est\u00e1 el<br>hecho de que no obstante que MORENA, es el partido que est\u00e1 en la Presidencia<br>de la Rep\u00fablica, a \u00e9l y a sus candidatos el INE los trat\u00f3 no solo como a cualquier<br>\u201chijo de vecino\u201d, sino como adversarios de la 4T, a quienes pretendi\u00f3 eliminarlos<br>de la contienda electoral que millones de ciudadanos mexicanos decidiremos el<br>cada vez m\u00e1s cercano domingo 6 de junio.<\/p>\n","protected":false},"excerpt":{"rendered":"<p>Por Fernando Rangel de Le\u00f3n En estos d\u00edas el Tribunal Electoral del Poder Judicial de la Federaci\u00f3nTEPJF, resolver\u00e1 los recursos de apelaci\u00f3n que interpusieron los aspirantes acandidatos a los gobiernos de Guerrero y de Michoac\u00e1n, F\u00e9lix Salgado Macedonioy Ra\u00fal Mor\u00f3n, respectivamente; y Luis Fernando Salazar Fern\u00e1ndez, a la alcald\u00edade Torre\u00f3n, Coahuila, por Movimiento Regeneraci\u00f3n Nacional MORENA, y otrosm\u00e1s de este partido; en contra de la negativa del Instituto Nacional Electoral&#8230;<\/p>\n","protected":false},"author":1,"featured_media":0,"comment_status":"closed","ping_status":"closed","sticky":false,"template":"","format":"standard","meta":{"footnotes":""},"categories":[6],"tags":[],"class_list":["post-1441","post","type-post","status-publish","format-standard","hentry","category-fernando-rangel","wpcat-6-id"],"_links":{"self":[{"href":"https:\/\/www.aquilaguna.com\/index.php\/wp-json\/wp\/v2\/posts\/1441","targetHints":{"allow":["GET"]}}],"collection":[{"href":"https:\/\/www.aquilaguna.com\/index.php\/wp-json\/wp\/v2\/posts"}],"about":[{"href":"https:\/\/www.aquilaguna.com\/index.php\/wp-json\/wp\/v2\/types\/post"}],"author":[{"embeddable":true,"href":"https:\/\/www.aquilaguna.com\/index.php\/wp-json\/wp\/v2\/users\/1"}],"replies":[{"embeddable":true,"href":"https:\/\/www.aquilaguna.com\/index.php\/wp-json\/wp\/v2\/comments?post=1441"}],"version-history":[{"count":1,"href":"https:\/\/www.aquilaguna.com\/index.php\/wp-json\/wp\/v2\/posts\/1441\/revisions"}],"predecessor-version":[{"id":1442,"href":"https:\/\/www.aquilaguna.com\/index.php\/wp-json\/wp\/v2\/posts\/1441\/revisions\/1442"}],"wp:attachment":[{"href":"https:\/\/www.aquilaguna.com\/index.php\/wp-json\/wp\/v2\/media?parent=1441"}],"wp:term":[{"taxonomy":"category","embeddable":true,"href":"https:\/\/www.aquilaguna.com\/index.php\/wp-json\/wp\/v2\/categories?post=1441"},{"taxonomy":"post_tag","embeddable":true,"href":"https:\/\/www.aquilaguna.com\/index.php\/wp-json\/wp\/v2\/tags?post=1441"}],"curies":[{"name":"wp","href":"https:\/\/api.w.org\/{rel}","templated":true}]}}