{"id":14423,"date":"2023-03-27T18:20:47","date_gmt":"2023-03-28T00:20:47","guid":{"rendered":"https:\/\/www.aquilaguna.com\/?p=14423"},"modified":"2023-03-27T18:20:47","modified_gmt":"2023-03-28T00:20:47","slug":"invita-uadec-a-la-noche-del-observatorio-y-divulgacion-de-la-ciencia-el-proximo-viernes","status":"publish","type":"post","link":"https:\/\/www.aquilaguna.com\/index.php\/2023\/03\/27\/invita-uadec-a-la-noche-del-observatorio-y-divulgacion-de-la-ciencia-el-proximo-viernes\/","title":{"rendered":"Invita UAdeC a la Noche del Observatorio y Divulgaci\u00f3n de la Ciencia el Pr\u00f3ximo Viernes."},"content":{"rendered":"\n<p>SALTILLO, Coahuila. 27 de marzo de 2023. La Universidad Aut\u00f3noma de<br>Coahuila a trav\u00e9s de la Facultad de Ciencias F\u00edsico Matem\u00e1ticas y el Observatorio<br>Astron\u00f3mico, invitan a la comunidad universitaria y p\u00fablico en general a disfrutar<br>de los cuerpos celestes en el evento de la Noche del Observatorio y Divulgaci\u00f3n<br>de la Ciencia, este viernes 31 de marzo.<\/p>\n\n\n\n<p>A partir de las 20:00 horas y hasta la media noche, se desarrollar\u00e1 esta actividad<br>acad\u00e9mica recreativa de aprendizaje en la terraza del Observatorio, ubicado en la<br>Unidad Camporredondo; la entrada es gratuita.<\/p>\n\n\n\n<p>El astr\u00f3nomo Juan Segura, coment\u00f3 que durante la noche se podr\u00e1 observar a la<br>Luna, con un ciclo de 10 d\u00edas y aparecer\u00e1 con un porcentaje del 77 por ciento de<br>iluminaci\u00f3n en su disco; para las 20:00 horas ya estar\u00e1 muy alta sobre el horizonte<br>y permanecer\u00e1 visible al momento de la conclusi\u00f3n de las actividades.<\/p>\n\n\n\n<p>Respecto a los planetas, estar\u00e1n presentes Marte, Venus y Urano, aunque este<br>\u00faltimo es dif\u00edcil de distinguir o identificar; el planeta rojo estar\u00e1 alto sobre el<br>horizonte oeste, bajar\u00e1 mientras transcurra la noche para dirigirse hacia su ocaso<br>que suceder\u00e1 poco despu\u00e9s de la una de la madrugada.<\/p>\n\n\n\n<p>Agreg\u00f3 que Venus estar\u00e1 ya muy bajo en el horizonte oeste, dirigi\u00e9ndose a su<br>puesta que ocurrir\u00e1 unos minutos antes de las 22:00 horas y ser\u00e1 claramente<br>identificable debido a su gran brillo; otro de los objetos que se podr\u00e1n apreciar es<br>la constelaci\u00f3n de Ori\u00f3n que, al igual que el invierno que reci\u00e9n termin\u00f3, tambi\u00e9n<br>se ir\u00e1 despidiendo de las noches de esta temporada.<\/p>\n\n\n\n<p>El evento est\u00e1 sujeto a las condiciones meteorol\u00f3gicas, por lo que se exhorta a los<br>interesados a visitar la p\u00e1gina de Facebook @ObservatorioAstron\u00f3micoFCFM<br>UAdeC, ya que de esta manera podr\u00e1n enterarse de su posible cancelaci\u00f3n, o<br>comunicarse a los tel\u00e9fonos (844) 4 14 47 39 y (844) 414-8869, o al correo<br>observatorio@uadec.edu.mx<\/p>\n\n\n\n<p>Las pr\u00f3ximas Noches de Observatorio y Divulgaci\u00f3n de la Ciencia est\u00e1n<br>programadas para el 23 de abril, 23 de mayo y 23 de junio.<\/p>\n","protected":false},"excerpt":{"rendered":"<p>SALTILLO, Coahuila. 27 de marzo de 2023. La Universidad Aut\u00f3noma deCoahuila a trav\u00e9s de la Facultad de Ciencias F\u00edsico Matem\u00e1ticas y el ObservatorioAstron\u00f3mico, invitan a la comunidad universitaria y p\u00fablico en general a disfrutarde los cuerpos celestes en el evento de la Noche del Observatorio y Divulgaci\u00f3nde la Ciencia, este viernes 31 de marzo. A partir de las 20:00 horas y hasta la media noche, se desarrollar\u00e1 esta actividadacad\u00e9mica recreativa&#8230;<\/p>\n","protected":false},"author":1,"featured_media":14424,"comment_status":"closed","ping_status":"closed","sticky":false,"template":"","format":"standard","meta":{"footnotes":""},"categories":[2],"tags":[],"class_list":["post-14423","post","type-post","status-publish","format-standard","has-post-thumbnail","hentry","category-uadec","wpcat-2-id"],"_links":{"self":[{"href":"https:\/\/www.aquilaguna.com\/index.php\/wp-json\/wp\/v2\/posts\/14423","targetHints":{"allow":["GET"]}}],"collection":[{"href":"https:\/\/www.aquilaguna.com\/index.php\/wp-json\/wp\/v2\/posts"}],"about":[{"href":"https:\/\/www.aquilaguna.com\/index.php\/wp-json\/wp\/v2\/types\/post"}],"author":[{"embeddable":true,"href":"https:\/\/www.aquilaguna.com\/index.php\/wp-json\/wp\/v2\/users\/1"}],"replies":[{"embeddable":true,"href":"https:\/\/www.aquilaguna.com\/index.php\/wp-json\/wp\/v2\/comments?post=14423"}],"version-history":[{"count":1,"href":"https:\/\/www.aquilaguna.com\/index.php\/wp-json\/wp\/v2\/posts\/14423\/revisions"}],"predecessor-version":[{"id":14425,"href":"https:\/\/www.aquilaguna.com\/index.php\/wp-json\/wp\/v2\/posts\/14423\/revisions\/14425"}],"wp:featuredmedia":[{"embeddable":true,"href":"https:\/\/www.aquilaguna.com\/index.php\/wp-json\/wp\/v2\/media\/14424"}],"wp:attachment":[{"href":"https:\/\/www.aquilaguna.com\/index.php\/wp-json\/wp\/v2\/media?parent=14423"}],"wp:term":[{"taxonomy":"category","embeddable":true,"href":"https:\/\/www.aquilaguna.com\/index.php\/wp-json\/wp\/v2\/categories?post=14423"},{"taxonomy":"post_tag","embeddable":true,"href":"https:\/\/www.aquilaguna.com\/index.php\/wp-json\/wp\/v2\/tags?post=14423"}],"curies":[{"name":"wp","href":"https:\/\/api.w.org\/{rel}","templated":true}]}}