{"id":14485,"date":"2023-03-29T18:52:21","date_gmt":"2023-03-30T00:52:21","guid":{"rendered":"https:\/\/www.aquilaguna.com\/?p=14485"},"modified":"2023-03-29T18:52:21","modified_gmt":"2023-03-30T00:52:21","slug":"por-una-participacion-ciudadana-la-uadec-y-el-instituto-estatal-electoral-de-coahuila-firman-convenio-de-colaboracion-interinstitucional","status":"publish","type":"post","link":"https:\/\/www.aquilaguna.com\/index.php\/2023\/03\/29\/por-una-participacion-ciudadana-la-uadec-y-el-instituto-estatal-electoral-de-coahuila-firman-convenio-de-colaboracion-interinstitucional\/","title":{"rendered":"Por una Participaci\u00f3n Ciudadana la UAdeC y el Instituto Estatal Electoral de Coahuila Firman Convenio de Colaboraci\u00f3n Interinstitucional."},"content":{"rendered":"\n<p>SALTILLO, Coahuila. 29 de marzo de 2023. Para fomentar entre la comunidad<br>universitaria la participaci\u00f3n ciudadana, la cultura democr\u00e1tica y su proyecci\u00f3n<br>hacia el estado, la Universidad Aut\u00f3noma de Coahuila y el Instituto Electoral de<br>Coahuila (IEC), firmaron un convenio de colaboraci\u00f3n interinstitucional.<\/p>\n\n\n\n<p>Signaron el documento el rector de la UAdeC, Salvador Hern\u00e1ndez V\u00e9lez y el<br>consejero presidente del IEC, Rodrigo Germ\u00e1n Paredes Lozano, acompa\u00f1ados<br>por el consejero electoral, Oscar Daniel Rodr\u00edguez Fuentes, el secretario ejecutivo,<br>Jorge Alfonso de la Pe\u00f1a Conteras, el coordinador de Desarrollo Institucional,<br>El\u00edas Villalobos Alvarado y el secretario general de la m\u00e1xima casa de estudios,<br>Miguel \u00c1ngel Rodr\u00edguez Calder\u00f3n.<\/p>\n\n\n\n<p>El convenio contempla el compromiso de actividades de promoci\u00f3n y difusi\u00f3n, as\u00ed<br>como cualquier otra que se considere conveniente para el cumplimiento de su<br>objetivo, se da la posibilidad de celebrar convenios espec\u00edficos adem\u00e1s de la<br>disposici\u00f3n del IEC de avalar y promover el uso de la urna electr\u00f3nica en los<br>procesos internos de la UAdeC.<\/p>\n\n\n\n<p>El Rector Salvador Hern\u00e1ndez V\u00e9lez, refrend\u00f3 el compromiso que la Universidad<br>siempre ha tenido con el Instituto, para que de manera conjunta y a trav\u00e9s de las<br>Escuelas, Facultades e Institutos se colabore en el dise\u00f1o, elaboraci\u00f3n, desarrollo,<br>implementaci\u00f3n y seguimiento de los proyectos acad\u00e9micos que de manera<br>conjunta se lleven a cabo.<\/p>\n\n\n\n<p>Mencion\u00f3 las acciones que realiza la m\u00e1xima casa de estudios en sus procesos<br>de elecci\u00f3n, con voto libre, secreto y sin ponderaci\u00f3n alguna, puesto que el valor<br>del sufragio es por igual el de un o una estudiante que el de una o un profesor,<br>acci\u00f3n que destaca a la m\u00e1xima casa de estudios como la \u00fanica en el pa\u00eds que<br>elige a sus autoridades universitarias.<\/p>\n\n\n\n<p>Asimismo, habl\u00f3 sobre la implementaci\u00f3n de una cultura de paz, de dialogo, de<br>respeto a los derechos humanos y sobre todo de lo que la UAdeC realiza por<br>primera vez en el pa\u00eds con el inicio de la modificaci\u00f3n de su Estatuto Universitario<br>para lograr la paridad y equidad de g\u00e9nero, y que las mujeres ocupen espacios de<br>decisi\u00f3n y de representaci\u00f3n en la vida universitaria.<\/p>\n\n\n\n<p><br>Por su parte, el Consejero Presidente del IEC, Rodrigo Germ\u00e1n Paredes Lozano,<br>agradeci\u00f3 la disponibilidad de la Universidad para colaborar en conjunto en la<br>educaci\u00f3n c\u00edvica y de ciudadan\u00eda, labor que realiza el instituto para promover la<br>democracia en el estado.<br>Afirm\u00f3 que la UAdeC es una gran aliada para llevar a cabo sus funciones de<br>educaci\u00f3n, desde luego colaborar en la log\u00edstica de sus procesos de elecci\u00f3n, en<br>primera instancia entre los j\u00f3venes para elegir sus sociedades de alumnos y<br>fomentar con ello el inter\u00e9s y la participaci\u00f3n en las elecciones locales, estatales y<br>nacionales.<\/p>\n","protected":false},"excerpt":{"rendered":"<p>SALTILLO, Coahuila. 29 de marzo de 2023. Para fomentar entre la comunidaduniversitaria la participaci\u00f3n ciudadana, la cultura democr\u00e1tica y su proyecci\u00f3nhacia el estado, la Universidad Aut\u00f3noma de Coahuila y el Instituto Electoral deCoahuila (IEC), firmaron un convenio de colaboraci\u00f3n interinstitucional. Signaron el documento el rector de la UAdeC, Salvador Hern\u00e1ndez V\u00e9lez y elconsejero presidente del IEC, Rodrigo Germ\u00e1n Paredes Lozano, acompa\u00f1adospor el consejero electoral, Oscar Daniel Rodr\u00edguez Fuentes, el secretario&#8230;<\/p>\n","protected":false},"author":1,"featured_media":14486,"comment_status":"closed","ping_status":"closed","sticky":false,"template":"","format":"standard","meta":{"footnotes":""},"categories":[2],"tags":[],"class_list":["post-14485","post","type-post","status-publish","format-standard","has-post-thumbnail","hentry","category-uadec","wpcat-2-id"],"_links":{"self":[{"href":"https:\/\/www.aquilaguna.com\/index.php\/wp-json\/wp\/v2\/posts\/14485","targetHints":{"allow":["GET"]}}],"collection":[{"href":"https:\/\/www.aquilaguna.com\/index.php\/wp-json\/wp\/v2\/posts"}],"about":[{"href":"https:\/\/www.aquilaguna.com\/index.php\/wp-json\/wp\/v2\/types\/post"}],"author":[{"embeddable":true,"href":"https:\/\/www.aquilaguna.com\/index.php\/wp-json\/wp\/v2\/users\/1"}],"replies":[{"embeddable":true,"href":"https:\/\/www.aquilaguna.com\/index.php\/wp-json\/wp\/v2\/comments?post=14485"}],"version-history":[{"count":1,"href":"https:\/\/www.aquilaguna.com\/index.php\/wp-json\/wp\/v2\/posts\/14485\/revisions"}],"predecessor-version":[{"id":14487,"href":"https:\/\/www.aquilaguna.com\/index.php\/wp-json\/wp\/v2\/posts\/14485\/revisions\/14487"}],"wp:featuredmedia":[{"embeddable":true,"href":"https:\/\/www.aquilaguna.com\/index.php\/wp-json\/wp\/v2\/media\/14486"}],"wp:attachment":[{"href":"https:\/\/www.aquilaguna.com\/index.php\/wp-json\/wp\/v2\/media?parent=14485"}],"wp:term":[{"taxonomy":"category","embeddable":true,"href":"https:\/\/www.aquilaguna.com\/index.php\/wp-json\/wp\/v2\/categories?post=14485"},{"taxonomy":"post_tag","embeddable":true,"href":"https:\/\/www.aquilaguna.com\/index.php\/wp-json\/wp\/v2\/tags?post=14485"}],"curies":[{"name":"wp","href":"https:\/\/api.w.org\/{rel}","templated":true}]}}