{"id":14488,"date":"2023-03-29T18:54:09","date_gmt":"2023-03-30T00:54:09","guid":{"rendered":"https:\/\/www.aquilaguna.com\/?p=14488"},"modified":"2023-03-29T18:54:10","modified_gmt":"2023-03-30T00:54:10","slug":"roman-alberto-cepeda-gonzalez-inaugura-el-centro-comunitario-la-perla","status":"publish","type":"post","link":"https:\/\/www.aquilaguna.com\/index.php\/2023\/03\/29\/roman-alberto-cepeda-gonzalez-inaugura-el-centro-comunitario-la-perla\/","title":{"rendered":"Rom\u00e1n Alberto Cepeda Gonz\u00e1lez inaugura el Centro Comunitario La Perla."},"content":{"rendered":"\n<p>Torre\u00f3n, Coahuila. A 29 de marzo de 2023.<\/p>\n\n\n\n<p>Con una inversi\u00f3n de 2.1 millones de pesos, el Alcalde de Torre\u00f3n, Rom\u00e1n Alberto<br>Cepeda Gonz\u00e1lez, inaugur\u00f3 el Centro Comunitario La Perla, en donde se<br>ofrecer\u00e1n diversos talleres y atenci\u00f3n m\u00e9dica, entre otros servicios, en beneficio<br>de m\u00e1s de 20 mil habitantes del sector y \u00e1reas circunvecinas.<\/p>\n\n\n\n<p>El Presidente Municipal dijo que adem\u00e1s de la entrega del Centro Comunitario, se<br>han realizado otras acciones de trabajo en este sector de Torre\u00f3n, como la<br>rehabilitaci\u00f3n de dos plazas en Santa Sof\u00eda y m\u00e1s de 10 mil metros cuadrados de<br>pavimentaci\u00f3n.<\/p>\n\n\n\n<p>\u201cAbrir este Centro Comunitario representa la esperanza de j\u00f3venes, mujeres y<br>hombres, que tendr\u00e1n la posibilidad de capacitarse aqu\u00ed para poder emprender un<br>negocio y cambiar la vida de una familia\u201d, coment\u00f3 Cepeda Gonz\u00e1lez.<\/p>\n\n\n\n<p>En su mensaje, el edil agradeci\u00f3 la confianza otorgada por la ciudadan\u00eda, y<br>asegur\u00f3 que su Administraci\u00f3n seguir\u00e1 trabajando con obras de drenaje, agua<br>potable, pavimentaci\u00f3n, entre otras, no solo en este sector sino tambi\u00e9n en otras<br>colonias de la ciudad.<\/p>\n\n\n\n<p>Rom\u00e1n Alberto Cepeda Gonz\u00e1lez dijo que en coordinaci\u00f3n con el gobernador de<br>Coahuila, Miguel \u00c1ngel Riquelme Sol\u00eds, se realizar\u00e1n acciones para construir el<br>Torre\u00f3n que todos queremos.<\/p>\n\n\n\n<p>Juan Adolfo Von Bertrab Saracho, director de Obras P\u00fablicas, explic\u00f3 que el lugar<br>cuenta con diversas amenidades para la recreaci\u00f3n y servicio de todos.<\/p>\n\n\n\n<p>La inversi\u00f3n de 2.1 millones de pesos, contempl\u00f3 la construcci\u00f3n de muros de<br>tablaroca terminados con pintura vin\u00edlica, canceler\u00eda de aluminio en puertas y<br>ventanas, plaf\u00f3n registrable y plaf\u00f3n de tablaroca.<\/p>\n\n\n\n<p>El funcionario dijo que el espacio integra \u00e1rea de oficina, aulas de usos m\u00faltiples,<br>ba\u00f1os generales con mamparas, cisterna de 5 mil litros con equipo<br>hidroneum\u00e1tico, sistema sanitario e hidr\u00e1ulico en general, as\u00ed como instalaci\u00f3n<br>el\u00e9ctrica y trabajos de impermeabilizaci\u00f3n.<\/p>\n\n\n\n<p>Adem\u00e1s, trabajos en el exterior como banqueta y barda perimetral, sistema de aire<br>lavado con ducter\u00eda y sistemas de mini split, jard\u00edn con pasto artificial, al igual que<br>bodega y almac\u00e9n.<\/p>\n\n\n\n<p>Por su parte, H\u00e9ctor Iv\u00e1n Estrada Baca, titular de Desarrollo Social, dijo que el<br>\u00e1rea donde se ubica el nuevo Centro Comunitario ha crecido un 16.41 por ciento<br>en los \u00faltimos cinco a\u00f1os, lo que significa un incremento de mil 198 viviendas.<br>El Centro Comunitario tiene una capacidad para atender a 23 mil 200 habitantes<br>de colonias y ejidos aleda\u00f1os como ejido La Perla, ejido Rancho Alegre,<br>fraccionamiento La Perla, Santa Sof\u00eda, Ex Hacienda La Perla, Villas Zaragoza y<br>Monterreal, con atenci\u00f3n para 300 personas por d\u00eda.<br>Dijo que en el lugar se ofrecer\u00e1n servicios como asesor\u00edas jur\u00eddicas y psicol\u00f3gicas,<br>consulta m\u00e9dica, trabajo social, computaci\u00f3n, talleres de manualidades y belleza,<br>entre otros.<br>H\u00e9ctor Hugo D\u00e1vila Prado, diputado local, coment\u00f3 que la ciudadan\u00eda espera de<br>los servidores p\u00fablicos que cumplan los compromisos establecidos en los<br>diferentes sectores de la ciudad.<br>\u201cQue cuando empe\u00f1en su palabra regresen con acciones, eso habla de la<br>confianza que la gente tiene sobre los servidores p\u00fablicos, como es el caso del<br>Alcalde Rom\u00e1n Alberto Cepeda Gonz\u00e1lez que cumple sus compromisos, por<br>ejemplo este Centro Comunitario\u201d, coment\u00f3.<br>Hizo el llamado a los vecinos para que aprovechen la obra entregada por el<br>Alcalde, d\u00e1ndole vida en beneficio de todos los habitantes del lugar.<br>Amalia Mendoza Ramos, vecina del sector, dijo que por mucho tiempo fue dif\u00edcil<br>para los colonos poder acceder a talleres y a otros servicios municipales.<br>\u201cHoy estamos muy contentos por este logro, gracias al Alcalde Rom\u00e1n hoy<br>tenemos este bonito Centro Comunitario que miles de familias van a poder usar\u201d,<br>coment\u00f3.<\/p>\n","protected":false},"excerpt":{"rendered":"<p>Torre\u00f3n, Coahuila. A 29 de marzo de 2023. Con una inversi\u00f3n de 2.1 millones de pesos, el Alcalde de Torre\u00f3n, Rom\u00e1n AlbertoCepeda Gonz\u00e1lez, inaugur\u00f3 el Centro Comunitario La Perla, en donde seofrecer\u00e1n diversos talleres y atenci\u00f3n m\u00e9dica, entre otros servicios, en beneficiode m\u00e1s de 20 mil habitantes del sector y \u00e1reas circunvecinas. El Presidente Municipal dijo que adem\u00e1s de la entrega del Centro Comunitario, sehan realizado otras acciones de trabajo&#8230;<\/p>\n","protected":false},"author":1,"featured_media":14489,"comment_status":"closed","ping_status":"closed","sticky":false,"template":"","format":"standard","meta":{"footnotes":""},"categories":[5,28,7],"tags":[],"class_list":["post-14488","post","type-post","status-publish","format-standard","has-post-thumbnail","hentry","category-coahuila","category-la-laguna","category-torreon","wpcat-5-id","wpcat-28-id","wpcat-7-id"],"_links":{"self":[{"href":"https:\/\/www.aquilaguna.com\/index.php\/wp-json\/wp\/v2\/posts\/14488","targetHints":{"allow":["GET"]}}],"collection":[{"href":"https:\/\/www.aquilaguna.com\/index.php\/wp-json\/wp\/v2\/posts"}],"about":[{"href":"https:\/\/www.aquilaguna.com\/index.php\/wp-json\/wp\/v2\/types\/post"}],"author":[{"embeddable":true,"href":"https:\/\/www.aquilaguna.com\/index.php\/wp-json\/wp\/v2\/users\/1"}],"replies":[{"embeddable":true,"href":"https:\/\/www.aquilaguna.com\/index.php\/wp-json\/wp\/v2\/comments?post=14488"}],"version-history":[{"count":1,"href":"https:\/\/www.aquilaguna.com\/index.php\/wp-json\/wp\/v2\/posts\/14488\/revisions"}],"predecessor-version":[{"id":14490,"href":"https:\/\/www.aquilaguna.com\/index.php\/wp-json\/wp\/v2\/posts\/14488\/revisions\/14490"}],"wp:featuredmedia":[{"embeddable":true,"href":"https:\/\/www.aquilaguna.com\/index.php\/wp-json\/wp\/v2\/media\/14489"}],"wp:attachment":[{"href":"https:\/\/www.aquilaguna.com\/index.php\/wp-json\/wp\/v2\/media?parent=14488"}],"wp:term":[{"taxonomy":"category","embeddable":true,"href":"https:\/\/www.aquilaguna.com\/index.php\/wp-json\/wp\/v2\/categories?post=14488"},{"taxonomy":"post_tag","embeddable":true,"href":"https:\/\/www.aquilaguna.com\/index.php\/wp-json\/wp\/v2\/tags?post=14488"}],"curies":[{"name":"wp","href":"https:\/\/api.w.org\/{rel}","templated":true}]}}