{"id":1449,"date":"2021-04-08T18:40:57","date_gmt":"2021-04-08T23:40:57","guid":{"rendered":"https:\/\/www.aquilaguna.com\/?p=1449"},"modified":"2021-04-08T18:40:58","modified_gmt":"2021-04-08T23:40:58","slug":"este-martes-13-de-abril-reinician-las-clases-en-coahuila","status":"publish","type":"post","link":"https:\/\/www.aquilaguna.com\/index.php\/2021\/04\/08\/este-martes-13-de-abril-reinician-las-clases-en-coahuila\/","title":{"rendered":"ESTE MARTES 13 DE ABRIL REINICIAN LAS CLASES EN COAHUILA."},"content":{"rendered":"\n<p>Saltillo, Coahuila de Zaragoza; a 8 de Abril de 2021. \u2013 El martes 13 se reactivan las clases en todo el sistema educativo nacional, y en Coahuila las clases contin\u00faan a distancia de acuerdo a como se han venido dando en este ciclo escolar.<\/p>\n\n\n\n<p>El Secretario de Educaci\u00f3n del Estado, Higinio Gonz\u00e1lez Calder\u00f3n, asent\u00f3 que el sistema educativo estatal se encuentra listo para iniciar el \u00faltimo ciclo del per\u00edodo escolar 2020-2021, por lo que las tareas y trabajos deber\u00e1n reforzarse para que los alumnos de todos los niveles concluyan su preparaci\u00f3n acad\u00e9mica.<\/p>\n\n\n\n<p>Llam\u00f3 a los padres de familia para que con tiempo enlacen a sus hijos a las clases a distancia, los apoyen en sus tareas y en la medida de sus posibilidades expliquen los temas m\u00e1s complicados para sus hijos.<\/p>\n\n\n\n<p>Coment\u00f3 que personal de confianza y mandos medios de la Secretar\u00eda de Educaci\u00f3n se reintegr\u00f3 a sus labores desde el 5 de abril para continuar con las actividades administrativas del sistema educativo.<\/p>\n\n\n\n<p>Indic\u00f3 que docentes y personal de apoyo y administrativo regresar\u00e1n desde el lunes 12, ya que se llevar\u00e1 a cabo el Consejo T\u00e9cnico Escolar, que permitir\u00e1 aterrizar las estrategias y definir los avances logrados en el ejercicio en marcha.<\/p>\n\n\n\n<p>En esta ocasi\u00f3n, contrario a otros reinicios de actividades, las bodegas de resguardo no se abrir\u00e1n para el retorno de los materiales y equipos escolares, ya que las escuelas no recibir\u00e1n alumnos y las clases seguir\u00e1n siendo desde casa.<\/p>\n\n\n\n<p>Confi\u00f3 en que el receso de clases haya permitido a estudiantes y docentes renovar energ\u00edas, que hayan aprovechado al m\u00e1ximo su descanso y retornen con renovados br\u00edos para cerrar fuerte el ciclo escolar.<\/p>\n","protected":false},"excerpt":{"rendered":"<p>Saltillo, Coahuila de Zaragoza; a 8 de Abril de 2021. \u2013 El martes 13 se reactivan las clases en todo el sistema educativo nacional, y en Coahuila las clases contin\u00faan a distancia de acuerdo a como se han venido dando en este ciclo escolar. El Secretario de Educaci\u00f3n del Estado, Higinio Gonz\u00e1lez Calder\u00f3n, asent\u00f3 que el sistema educativo estatal se encuentra listo para iniciar el \u00faltimo ciclo del per\u00edodo escolar&#8230;<\/p>\n","protected":false},"author":1,"featured_media":1450,"comment_status":"closed","ping_status":"closed","sticky":false,"template":"","format":"standard","meta":{"footnotes":""},"categories":[5,9,15],"tags":[],"class_list":["post-1449","post","type-post","status-publish","format-standard","has-post-thumbnail","hentry","category-coahuila","category-educacion","category-gobierno-de-coahuila","wpcat-5-id","wpcat-9-id","wpcat-15-id"],"_links":{"self":[{"href":"https:\/\/www.aquilaguna.com\/index.php\/wp-json\/wp\/v2\/posts\/1449","targetHints":{"allow":["GET"]}}],"collection":[{"href":"https:\/\/www.aquilaguna.com\/index.php\/wp-json\/wp\/v2\/posts"}],"about":[{"href":"https:\/\/www.aquilaguna.com\/index.php\/wp-json\/wp\/v2\/types\/post"}],"author":[{"embeddable":true,"href":"https:\/\/www.aquilaguna.com\/index.php\/wp-json\/wp\/v2\/users\/1"}],"replies":[{"embeddable":true,"href":"https:\/\/www.aquilaguna.com\/index.php\/wp-json\/wp\/v2\/comments?post=1449"}],"version-history":[{"count":1,"href":"https:\/\/www.aquilaguna.com\/index.php\/wp-json\/wp\/v2\/posts\/1449\/revisions"}],"predecessor-version":[{"id":1451,"href":"https:\/\/www.aquilaguna.com\/index.php\/wp-json\/wp\/v2\/posts\/1449\/revisions\/1451"}],"wp:featuredmedia":[{"embeddable":true,"href":"https:\/\/www.aquilaguna.com\/index.php\/wp-json\/wp\/v2\/media\/1450"}],"wp:attachment":[{"href":"https:\/\/www.aquilaguna.com\/index.php\/wp-json\/wp\/v2\/media?parent=1449"}],"wp:term":[{"taxonomy":"category","embeddable":true,"href":"https:\/\/www.aquilaguna.com\/index.php\/wp-json\/wp\/v2\/categories?post=1449"},{"taxonomy":"post_tag","embeddable":true,"href":"https:\/\/www.aquilaguna.com\/index.php\/wp-json\/wp\/v2\/tags?post=1449"}],"curies":[{"name":"wp","href":"https:\/\/api.w.org\/{rel}","templated":true}]}}