{"id":14513,"date":"2023-03-30T21:48:16","date_gmt":"2023-03-31T03:48:16","guid":{"rendered":"https:\/\/www.aquilaguna.com\/?p=14513"},"modified":"2023-03-30T21:48:16","modified_gmt":"2023-03-31T03:48:16","slug":"ayuntamiento-de-torreon-presenta-convocatoria-a-cabildo-infantil-2023","status":"publish","type":"post","link":"https:\/\/www.aquilaguna.com\/index.php\/2023\/03\/30\/ayuntamiento-de-torreon-presenta-convocatoria-a-cabildo-infantil-2023\/","title":{"rendered":"Ayuntamiento de Torre\u00f3n presenta convocatoria a Cabildo Infantil 2023."},"content":{"rendered":"\n<p>Torre\u00f3n, Coahuila.- El Ayuntamiento\u00a0 de Torre\u00f3n \u00a0y el\u00a0 Instituto Electoral de Coahuila\u00a0 presentaron este mediod\u00eda la convocatoria para\u00a0 participar en \u00a0 la selecci\u00f3n\u00a0 de los integrantes del\u00a0 Cabildo infantil 2023 dirigido al alcalde y Cabildo\u00a0 en el que\u00a0 expongan &#8220;por que quiere ser alcalde o alcaldesa\u00a0infantil&#8221;\u00a0 estableciendo como condici\u00f3n presentar previo un video de no m\u00e1s de dos minutos de duraci\u00f3n donde\u00a0 expongan y argumenten tal pretensi\u00f3n.<\/p>\n\n\n\n<p>En rueda de prensa \u00a0 que fue presidida por la se\u00f1ora Selina Bremer de Cepeda,\u00a0 Presidenta honoraria\u00a0 del DIF-Torre\u00f3n,\u00a0 el titular del\u00a0 Comit\u00e9 Electoral Municipal,\u00a0 Rams\u00e9s\u00a0 Ba\u00f1uelos Ferrigno, \u00a0 la\u00a0 Coordinadora de Servicios\u00a0 Educativos para la regi\u00f3n lagunera\u00a0 profesora Flor Esthela Renter\u00eda Medina\u00a0 y la Secretaria del Ayuntamiento licenciada Natalia Fern\u00e1ndez;\u00a0 fue presentado el proyecto de\u00a0 participaci\u00f3n\u00a0 dirigida a todos los\u00a0 ni\u00f1os y ni\u00f1as que\u00a0 cursen el quinto a\u00f1o de primaria en escuelas\u00a0 oficiales o privadas.<\/p>\n\n\n\n<p>Los menores que\u00a0 deseen participar podr\u00e1n inscribirse en el Link: Cabildo Torre\u00f3n.Gob, Mx Cabildo Infantil\u00a0 y presentar\u00a0 archivo digital que contenga, su acta de nacimiento  identificaci\u00f3n con fotograf\u00eda, incluyendo la de ambos padres o tutor,\u00a0 calificaciones parcial\u00a0 del participante,\u00a0 constancia de extendida por el plantel donde curse sus estudios -solo dos participantes por plantel-, fotograf\u00eda del participante y uniforme consistente en camisa blanca y pantal\u00f3n de mezclilla.<\/p>\n\n\n\n<p>Los temas a abordar por los participantes, versan sobre los cuatro ejes del Plan Municipal de Desarrollo 2022-2023, en los temas relacionados con Gobierno participativo e incluyente, seguridad y orden, competitividad y Fortaleza Econ\u00f3micas y Bienestar para todos.\u00a0\u00a0<\/p>\n\n\n\n<p>A la convocatoria emitida este d\u00eda indica que \u00a0 el participante \u00a0entregar\u00e1 una carta donde ceda los derechos del v\u00eddeo que aporte. Todos los v\u00eddeos ser\u00e1n vistos por el Comit\u00e9 Evaluador\u00a0 integrado por \u00a0 miembros de la Secretar\u00eda de Educaci\u00f3n P\u00fablica que elegir\u00e1n 21\u00a0de los trabajos as\u00ed presentados, la selecci\u00f3n correr\u00e1 a cargo de una autoridad electoral y un jurado.<\/p>\n\n\n\n<p>Para alcanzar tal calificaci\u00f3n,\u00a0 cada uno de los 21\u00a0 v\u00eddeos seleccionados\u00a0 deber\u00e1\u00a0 mostrar \u00a0 contenido, presentaci\u00f3n, fluidez, lenguaje corporal y creatividad.<\/p>\n\n\n\n<p>Luego el dia 25 de abril, los as\u00ed seleccionados \u00a0 competir\u00e1n frente a si con el fin de ganar el voto de confianza para ser su alcaldesa o alcalde. Ser\u00e1 luego el Instituto Electoral de Coahuila quien\u00a0 llevar\u00e1 cabo la elecci\u00f3n en donde cada ni\u00f1o o ni\u00f1a\u00a0 participante emitir\u00e1\u00a0 su voto libre y secreto por la propuesta de su agrado.<\/p>\n\n\n\n<p>Esta convocatoria \u00a0ser\u00e1 cerrada el 22 de abril y\u00a0 el IEC\u00a0 entregar\u00e1\u00a0 luego la constancia de mayor\u00eda\u00a0 alcanzada por\u00a0 21 de los participantes\u00a0 seleccionados como ganadores y que\u00a0 participar\u00e1n\u00a0 en la Sesi\u00f3n Solemne de Cabildo\u00a0 fijada para el dia 28 de abril pr\u00f3ximo en la sede el cabildo local, cito en\u00a0 el\u00a0 s\u00e9ptimo piso del edificio municipal.<\/p>\n\n\n\n<p>Como premio o est\u00edmulo el Ayuntamiento de Torre\u00f3n estar\u00e1 entregando una beca consistente en cinco mil pesos\u00a0 a cada uno de los participantes finales.<\/p>\n\n\n\n<p><strong>CONVOCA.<\/strong><\/p>\n\n\n\n<p>Al \u00a0t\u00e9rmino \u00a0de\u00a0 la anterior presentaci\u00f3n, la se\u00f1ora Bremer de Cepeda, quiso extender\u00a0 invitaci\u00f3n a\u00a0 todos los torreonenses y laguneros\u00a0 para que asistan el pr\u00f3ximo a la presentaci\u00f3n del Ballet de Monterrey, uno de los organismos culturales de mayor prestigio\u00a0 en el pa\u00eds en \u00e9sta rama del arte, cuya actuaci\u00f3n, \u00a0 con el acompa\u00f1amiento musical de la Camerata de Coahuila, ser\u00e1 a beneficio de la reci\u00e9n iniciada\u00a0 construcci\u00f3n de\u00a0 la\u00a0 Casa Cuna\u00a0 del DIF-Torre\u00f3n\u00a0 y otras tres organizaciones\u00a0 civiles.<\/p>\n\n\n\n<p>Esta importante\u00a0 aportaci\u00f3n cultural se hizo llegar a la se\u00f1ora Bremer\u00a0 de\u00a0 Cepeda por parte\u00a0 del patronato de la instituci\u00f3n danc\u00edstica\u00a0 regiomontana, que\u00a0 inform\u00f3 \u00a0 aportar\u00e1\u00a0 de manera total la recaudaci\u00f3n que se alcance \u00a0 en la presentaci\u00f3n de\u00a0las dos funciones\u00a0 mencionadas.\u00a0\u00a0\u00a0\u00a0\u00a0\u00a0<\/p>\n\n\n\n<p>El Ballet\u00a0 de Monterrey tendr\u00e1 como escenario el Teatro Nazas, los d\u00edas 28 y 29 de abril  con\u00a0 la obra &#8220;El Corsario&#8221;, los\u00a0 boletos de ingreso est\u00e1n ya a la venta, con precios que\u00a0 van desde los mil, 799 y\u00a0 hasta solo 400 pesos, reiterando que toda las utilidades as\u00ed obtenidas\u00a0 ser\u00e1n destinadas a\u00a0 causas\u00a0 solidarias\u00a0 que requieren de apoyo econ\u00f3mico solidario para\u00a0 continuar\u00a0 adelante.<\/p>\n","protected":false},"excerpt":{"rendered":"<p>Torre\u00f3n, Coahuila.- El Ayuntamiento\u00a0 de Torre\u00f3n \u00a0y el\u00a0 Instituto Electoral de Coahuila\u00a0 presentaron este mediod\u00eda la convocatoria para\u00a0 participar en \u00a0 la selecci\u00f3n\u00a0 de los integrantes del\u00a0 Cabildo infantil 2023 dirigido al alcalde y Cabildo\u00a0 en el que\u00a0 expongan &#8220;por que quiere ser alcalde o alcaldesa\u00a0infantil&#8221;\u00a0 estableciendo como condici\u00f3n presentar previo un video de no m\u00e1s de dos minutos de duraci\u00f3n donde\u00a0 expongan y argumenten tal pretensi\u00f3n. En rueda de&#8230;<\/p>\n","protected":false},"author":2,"featured_media":0,"comment_status":"closed","ping_status":"","sticky":false,"template":"","format":"standard","meta":{"footnotes":""},"categories":[5,28,7],"tags":[],"class_list":["post-14513","post","type-post","status-publish","format-standard","hentry","category-coahuila","category-la-laguna","category-torreon","wpcat-5-id","wpcat-28-id","wpcat-7-id"],"_links":{"self":[{"href":"https:\/\/www.aquilaguna.com\/index.php\/wp-json\/wp\/v2\/posts\/14513","targetHints":{"allow":["GET"]}}],"collection":[{"href":"https:\/\/www.aquilaguna.com\/index.php\/wp-json\/wp\/v2\/posts"}],"about":[{"href":"https:\/\/www.aquilaguna.com\/index.php\/wp-json\/wp\/v2\/types\/post"}],"author":[{"embeddable":true,"href":"https:\/\/www.aquilaguna.com\/index.php\/wp-json\/wp\/v2\/users\/2"}],"replies":[{"embeddable":true,"href":"https:\/\/www.aquilaguna.com\/index.php\/wp-json\/wp\/v2\/comments?post=14513"}],"version-history":[{"count":1,"href":"https:\/\/www.aquilaguna.com\/index.php\/wp-json\/wp\/v2\/posts\/14513\/revisions"}],"predecessor-version":[{"id":14514,"href":"https:\/\/www.aquilaguna.com\/index.php\/wp-json\/wp\/v2\/posts\/14513\/revisions\/14514"}],"wp:attachment":[{"href":"https:\/\/www.aquilaguna.com\/index.php\/wp-json\/wp\/v2\/media?parent=14513"}],"wp:term":[{"taxonomy":"category","embeddable":true,"href":"https:\/\/www.aquilaguna.com\/index.php\/wp-json\/wp\/v2\/categories?post=14513"},{"taxonomy":"post_tag","embeddable":true,"href":"https:\/\/www.aquilaguna.com\/index.php\/wp-json\/wp\/v2\/tags?post=14513"}],"curies":[{"name":"wp","href":"https:\/\/api.w.org\/{rel}","templated":true}]}}