{"id":14518,"date":"2023-03-31T18:17:59","date_gmt":"2023-04-01T00:17:59","guid":{"rendered":"https:\/\/www.aquilaguna.com\/?p=14518"},"modified":"2023-03-31T18:18:00","modified_gmt":"2023-04-01T00:18:00","slug":"abre-uadec-del-5-abril-al-12-de-mayo-su-convocatoria-para-participar-en-la-edicion-24-del-premio-de-periodismo-cultural-armando-fuentes-aguirre-caton","status":"publish","type":"post","link":"https:\/\/www.aquilaguna.com\/index.php\/2023\/03\/31\/abre-uadec-del-5-abril-al-12-de-mayo-su-convocatoria-para-participar-en-la-edicion-24-del-premio-de-periodismo-cultural-armando-fuentes-aguirre-caton\/","title":{"rendered":"Abre UAdeC del 5 abril al 12 de Mayo su Convocatoria para Participar en la Edici\u00f3n 24 del Premio de Periodismo Cultural Armando Fuentes Aguirre \u201cCat\u00f3n\u201d."},"content":{"rendered":"\n<p>SALTILLO, Coahuila. 31 de marzo de 2023. Del 5 de abril al 12 de mayo de 2023,<br>la Universidad Aut\u00f3noma de Coahuila convoca a periodistas en activo del estado y<br>a quienes colaboren en medios nacionales, a participar en la Edici\u00f3n 24 del<br>Premio de Periodismo Cultural Armando Fuentes Aguirre \u201cCat\u00f3n\u201d.<\/p>\n\n\n\n<p>El objetivo es reconocer el trabajo de periodistas cuyos proyectos aborden con<br>prop\u00f3sitos creativos y cr\u00edticos la promoci\u00f3n y difusi\u00f3n de las distintas<br>manifestaciones culturales y art\u00edsticas del ser humano y que hayan sido<br>publicados o difundidos en los medios de comunicaci\u00f3n de Coahuila o del pa\u00eds,<br>siempre y cuando el participante compruebe su residencia en el estado.<\/p>\n\n\n\n<p>Se recibir\u00e1n los trabajos period\u00edsticos que en el \u00e1mbito cultural hayan sido<br>publicados del 1 de abril de 2022 al 2 de abril de 2023; el periodismo cultural<br>puede ser alternado con otras actividades period\u00edsticas y ser\u00e1 v\u00e1lido el ejercicio en<br>diarios, revistas, suplementos, programas de radio y televisi\u00f3n, en soporte<br>tradicional o en l\u00ednea.<\/p>\n\n\n\n<p>Los concursantes podr\u00e1n participar en cuatro categor\u00edas: En prensa con los<br>g\u00e9neros, nota, cr\u00f3nica, art\u00edculo, entrevista, reportaje, columna y fotograf\u00eda; en<br>Radio con nota, entrevista y reportaje; en Televisi\u00f3n con nota, entrevista, reportaje<br>y mejor toma y en Divulgaci\u00f3n Cient\u00edfica.<\/p>\n\n\n\n<p>Habr\u00e1 un premio \u00fanico para cada g\u00e9nero de cada una de las categor\u00edas,<br>consistente en una presa y un est\u00edmulo econ\u00f3mico de $10,000.00 (Diez mil pesos<br>00\/100 M.N.), adem\u00e1s, la Universidad Aut\u00f3noma de Coahuila entregar\u00e1 un<br>reconocimiento especial por trayectoria al o la periodista coahuilense que haya<br>destacado en el ejercicio del periodismo cultural en los medios de comunicaci\u00f3n,<br>durante los \u00faltimos a\u00f1os.<\/p>\n\n\n\n<p>Las bases y el formato de registro estar\u00e1n disponibles en el siguiente enlace<br><a href=\"https:\/\/forms.gle\/5Fj9UQyd2DZCFR1J8\" target=\"_blank\" rel=\"noreferrer noopener\">https:\/\/forms.gle\/5Fj9UQyd2DZCFR1J8<\/a> las y los participantes deber\u00e1n de enviar<br>los archivos de sus trabajos junto con una semblanza personal de una cuartilla en<br>formato PDF, que contemple su formaci\u00f3n y experiencia en el ejercicio period\u00edstico<br>al correo electr\u00f3nico premiocultural@uadec.edu.mx.<\/p>\n\n\n\n<p>Las y los participantes se someten a los puntos establecidos en la presente<br>convocatoria y son responsables de la veracidad de los datos que proporcionen<br>sobre sus trabajos; el jurado estar\u00e1 integrado por destacados profesionales del<br>\u00e1rea de la comunicaci\u00f3n y de la cultura.<br>Los nombres de las y los integrantes del jurado se dar\u00e1n a conocer<br>inmediatamente despu\u00e9s del proceso de evaluaci\u00f3n, el veredicto del jurado ser\u00e1<br>definitivo e inapelable y se valorar\u00e1 el contenido de los trabajos presentados,<br>tomando en cuenta, entre otros, los siguientes criterios: Observancia de las<br>caracter\u00edsticas del g\u00e9nero en el que participa, contribuci\u00f3n a la promoci\u00f3n de la<br>cultura, novedad del tema presentado, originalidad en el tratamiento de la<br>informaci\u00f3n y claridad expositiva.<br>Los ganadores ser\u00e1n notificados v\u00eda telef\u00f3nica y por correo electr\u00f3nico 15 d\u00edas<br>h\u00e1biles posteriores al cierre de la presente convocatoria, los premios ser\u00e1n<br>entregados en fecha y lugar que el Comit\u00e9 Organizador determine en su momento;<br>para m\u00e1s informaci\u00f3n comunicarse a la Coordinaci\u00f3n de Comunicaci\u00f3n y<br>Relaciones P\u00fablicas al (844) 438 1661 y al correo premiocultural@uadec.edu.mx.<\/p>\n","protected":false},"excerpt":{"rendered":"<p>SALTILLO, Coahuila. 31 de marzo de 2023. Del 5 de abril al 12 de mayo de 2023,la Universidad Aut\u00f3noma de Coahuila convoca a periodistas en activo del estado ya quienes colaboren en medios nacionales, a participar en la Edici\u00f3n 24 delPremio de Periodismo Cultural Armando Fuentes Aguirre \u201cCat\u00f3n\u201d. El objetivo es reconocer el trabajo de periodistas cuyos proyectos aborden conprop\u00f3sitos creativos y cr\u00edticos la promoci\u00f3n y difusi\u00f3n de las distintasmanifestaciones&#8230;<\/p>\n","protected":false},"author":1,"featured_media":14519,"comment_status":"closed","ping_status":"closed","sticky":false,"template":"","format":"standard","meta":{"footnotes":""},"categories":[2],"tags":[],"class_list":["post-14518","post","type-post","status-publish","format-standard","has-post-thumbnail","hentry","category-uadec","wpcat-2-id"],"_links":{"self":[{"href":"https:\/\/www.aquilaguna.com\/index.php\/wp-json\/wp\/v2\/posts\/14518","targetHints":{"allow":["GET"]}}],"collection":[{"href":"https:\/\/www.aquilaguna.com\/index.php\/wp-json\/wp\/v2\/posts"}],"about":[{"href":"https:\/\/www.aquilaguna.com\/index.php\/wp-json\/wp\/v2\/types\/post"}],"author":[{"embeddable":true,"href":"https:\/\/www.aquilaguna.com\/index.php\/wp-json\/wp\/v2\/users\/1"}],"replies":[{"embeddable":true,"href":"https:\/\/www.aquilaguna.com\/index.php\/wp-json\/wp\/v2\/comments?post=14518"}],"version-history":[{"count":1,"href":"https:\/\/www.aquilaguna.com\/index.php\/wp-json\/wp\/v2\/posts\/14518\/revisions"}],"predecessor-version":[{"id":14520,"href":"https:\/\/www.aquilaguna.com\/index.php\/wp-json\/wp\/v2\/posts\/14518\/revisions\/14520"}],"wp:featuredmedia":[{"embeddable":true,"href":"https:\/\/www.aquilaguna.com\/index.php\/wp-json\/wp\/v2\/media\/14519"}],"wp:attachment":[{"href":"https:\/\/www.aquilaguna.com\/index.php\/wp-json\/wp\/v2\/media?parent=14518"}],"wp:term":[{"taxonomy":"category","embeddable":true,"href":"https:\/\/www.aquilaguna.com\/index.php\/wp-json\/wp\/v2\/categories?post=14518"},{"taxonomy":"post_tag","embeddable":true,"href":"https:\/\/www.aquilaguna.com\/index.php\/wp-json\/wp\/v2\/tags?post=14518"}],"curies":[{"name":"wp","href":"https:\/\/api.w.org\/{rel}","templated":true}]}}