{"id":14544,"date":"2023-04-03T07:57:19","date_gmt":"2023-04-03T13:57:19","guid":{"rendered":"https:\/\/www.aquilaguna.com\/?p=14544"},"modified":"2023-04-03T07:57:19","modified_gmt":"2023-04-03T13:57:19","slug":"arranca-alianza-ciudadana-por-la-seguridad-con-todo-desde-la-region-centro","status":"publish","type":"post","link":"https:\/\/www.aquilaguna.com\/index.php\/2023\/04\/03\/arranca-alianza-ciudadana-por-la-seguridad-con-todo-desde-la-region-centro\/","title":{"rendered":"Arranca Alianza Ciudadana por la Seguridad con todo desde la regi\u00f3n Centro."},"content":{"rendered":"\n<p>\u00b7\u00a0\u00a0\u00a0\u00a0\u00a0\u00a0\u00a0<strong><em>En Coahuila el cambio es pa\u2019 delante: Manolo Jim\u00e9nez.<\/em><\/strong><\/p>\n\n\n\n<p>Monclova, Coahuila; 02 de abril de 2023.- Al dar inicio a las actividades de campa\u00f1a de la Alianza Ciudadana por la Seguridad, el candidato a gobernador Manolo Jim\u00e9nez Salinas, resalt\u00f3 que la unidad entre las tres fuerzas pol\u00edticas que la integran, y en conjunto con un gran frente ciudadano, ganar\u00e1n la gubernatura de Coahuila.<\/p>\n\n\n\n<p>Acompa\u00f1ado por los l\u00edderes nacionales del PAN, Marko Cort\u00e9s; del PRI, Alejandro Moreno; y del PRD, Jes\u00fas Zambrano, el candidato de la Alianza Ciudadana por la Seguridad a la gubernatura apunt\u00f3 que se logr\u00f3 una gran unidad y coincidencia entre las fuerzas para presentar una plataforma pol\u00edtica que llevar\u00e1 a Coahuila al siguiente nivel y lograr el primer gobierno de coalici\u00f3n para bien de las familias coahuilenses.<\/p>\n\n\n\n<p>\u201cHago el compromiso de cuidar a ustedes y sus familias, aquellos que quieran hacer da\u00f1o a nuestras familias se seguir\u00e1n topando con nosotros; m\u00e1s y mejores empleos para todos: el d\u00eda de hoy quiero hacer un compromiso muy claro con la gente de Monclova y la regi\u00f3n centro: vamos a construir un parque industrial regional para que vengan m\u00e1s empresas, m\u00e1s inversiones y con ello la diversificaci\u00f3n econ\u00f3mica que necesitamos\u201d, dijo.<\/p>\n\n\n\n<p>Junto a su esposa Paola Rodr\u00edguez L\u00f3pez, agreg\u00f3 que tambi\u00e9n desarrollar\u00e1&nbsp;&nbsp;m\u00e1s programas sociales estatales para mejorar la calidad de vida.<\/p>\n\n\n\n<p>Durante el arranque, tambi\u00e9n estuvieron presentes los dirigentes estatales del PRI, Rodrigo Fuentes; del PAN, Elisa Maldonado y por parte del PRD, Mary Telma Guajardo, as\u00ed como las candidatas y candidatos a diputados de la Alianza por los distritos 3, 4, 5 y 6, Jes\u00fas Mar\u00eda Montemayor, Guadalupe Oyervides, Alfredo Paredes y Edith Hern\u00e1ndez, respectivamente.<\/p>\n\n\n\n<p>Ante miles de simpatizantes y militantes, Manolo Jim\u00e9nez Salinas detall\u00f3 que recorrer\u00e1n todas las regiones del estado para presentar su proyecto en el que se priorizar\u00e1 la seguridad, el desarrollo econ\u00f3mico, se reforzar\u00e1 el sistema de salud y empoderamiento de las mujeres, m\u00e1s oportunidades para la ni\u00f1ez y la juventud, cuidado del medio ambiente y un gobierno ciudadano y eficiente.<\/p>\n\n\n\n<p>&#8220;Voy a estar en Monclova de manera permanente. Muchas gracias por recibirnos, voy a dar toda mi energ\u00eda, fuerza y amor por Coahuila para juntos con ustedes llevemos a Coahuila al siguiente nivel&#8221;, destac\u00f3.<\/p>\n","protected":false},"excerpt":{"rendered":"<p>\u00b7\u00a0\u00a0\u00a0\u00a0\u00a0\u00a0\u00a0En Coahuila el cambio es pa\u2019 delante: Manolo Jim\u00e9nez. Monclova, Coahuila; 02 de abril de 2023.- Al dar inicio a las actividades de campa\u00f1a de la Alianza Ciudadana por la Seguridad, el candidato a gobernador Manolo Jim\u00e9nez Salinas, resalt\u00f3 que la unidad entre las tres fuerzas pol\u00edticas que la integran, y en conjunto con un gran frente ciudadano, ganar\u00e1n la gubernatura de Coahuila. Acompa\u00f1ado por los l\u00edderes nacionales del PAN,&#8230;<\/p>\n","protected":false},"author":1,"featured_media":14545,"comment_status":"closed","ping_status":"closed","sticky":false,"template":"","format":"standard","meta":{"footnotes":""},"categories":[97,5,42],"tags":[],"class_list":["post-14544","post","type-post","status-publish","format-standard","has-post-thumbnail","hentry","category-alianza-ciudadana","category-coahuila","category-elecciones","wpcat-97-id","wpcat-5-id","wpcat-42-id"],"_links":{"self":[{"href":"https:\/\/www.aquilaguna.com\/index.php\/wp-json\/wp\/v2\/posts\/14544","targetHints":{"allow":["GET"]}}],"collection":[{"href":"https:\/\/www.aquilaguna.com\/index.php\/wp-json\/wp\/v2\/posts"}],"about":[{"href":"https:\/\/www.aquilaguna.com\/index.php\/wp-json\/wp\/v2\/types\/post"}],"author":[{"embeddable":true,"href":"https:\/\/www.aquilaguna.com\/index.php\/wp-json\/wp\/v2\/users\/1"}],"replies":[{"embeddable":true,"href":"https:\/\/www.aquilaguna.com\/index.php\/wp-json\/wp\/v2\/comments?post=14544"}],"version-history":[{"count":1,"href":"https:\/\/www.aquilaguna.com\/index.php\/wp-json\/wp\/v2\/posts\/14544\/revisions"}],"predecessor-version":[{"id":14546,"href":"https:\/\/www.aquilaguna.com\/index.php\/wp-json\/wp\/v2\/posts\/14544\/revisions\/14546"}],"wp:featuredmedia":[{"embeddable":true,"href":"https:\/\/www.aquilaguna.com\/index.php\/wp-json\/wp\/v2\/media\/14545"}],"wp:attachment":[{"href":"https:\/\/www.aquilaguna.com\/index.php\/wp-json\/wp\/v2\/media?parent=14544"}],"wp:term":[{"taxonomy":"category","embeddable":true,"href":"https:\/\/www.aquilaguna.com\/index.php\/wp-json\/wp\/v2\/categories?post=14544"},{"taxonomy":"post_tag","embeddable":true,"href":"https:\/\/www.aquilaguna.com\/index.php\/wp-json\/wp\/v2\/tags?post=14544"}],"curies":[{"name":"wp","href":"https:\/\/api.w.org\/{rel}","templated":true}]}}