{"id":14678,"date":"2023-04-13T18:59:48","date_gmt":"2023-04-14T00:59:48","guid":{"rendered":"https:\/\/www.aquilaguna.com\/?p=14678"},"modified":"2023-04-13T18:59:49","modified_gmt":"2023-04-14T00:59:49","slug":"se-pone-en-marcha-jornada-de-salud","status":"publish","type":"post","link":"https:\/\/www.aquilaguna.com\/index.php\/2023\/04\/13\/se-pone-en-marcha-jornada-de-salud\/","title":{"rendered":"SE PONE EN MARCHA JORNADA DE SALUD."},"content":{"rendered":"\n<p>Matamoros, Coahuila de Zaragoza; a 13 de abril de 2023.- En el arranque de la Jornada de la Salud, que se puso en marcha en este municipio y que ser\u00e1 de gran beneficio para las familias matamorenses, el Gobernador de Coahuila acompa\u00f1\u00f3 al alcalde Miguel \u00c1ngel Ram\u00edrez L\u00f3pez.<\/p>\n\n\n\n<p>El mandatario estatal agradeci\u00f3 al Presidente Municipal por el trabajo en equipo para temas de seguridad, de infraestructura, o como el que hoy los congreg\u00f3, que fue el de salud.<\/p>\n\n\n\n<p>\u201cHoy el alcalde les dice que no se preocupen por la salud; mientras que nosotros nos vamos a seguir ocupando por la seguridad, para que ustedes no se preocupen por los delincuentes\u201d, dijo.<\/p>\n\n\n\n<p>Cit\u00f3 que aprovechar\u00e1 los d\u00edas que restan de su administraci\u00f3n para dejar a la entidad segura, equilibrada y con trabajo para todas y todos, al tiempo de agradecer la paciencia y conciencia de la poblaci\u00f3n por haber trabajado en equipo para hacer las cosas bien durante este periodo.<\/p>\n\n\n\n<p>\u201cHoy debemos regresar a nuestra realidad, atender diversos padecimientos de salud y cirug\u00edas programadas\u201d, manifest\u00f3.<\/p>\n\n\n\n<p>Reconoci\u00f3 que esta jornada de la salud brindar\u00e1 a la poblaci\u00f3n la consulta, lo preventivo y, posteriormente, el medicamento b\u00e1sico, e invit\u00f3 a las y los matamorenses a seguirse cuidando.<\/p>\n\n\n\n<p>David Varela P\u00e9rez, director de Prevenci\u00f3n a la Salud, inform\u00f3 que Matamoros cuenta con 118 mil habitantes, de los cuales el 30 por ciento no cuenta con seguridad para ser tratados en el tema de salud.<\/p>\n\n\n\n<p>Mencion\u00f3 que dirigieron estrategias enfocadas a este grupo que requer\u00eda de una cl\u00ednica, y que ahora los ciudadanos tienen derecho a consultas, a an\u00e1lisis cl\u00ednicos y se est\u00e1 trabajando de manera coordinada para poder disminuir la morbilidad de los habitantes de esta comunidad.&nbsp;<\/p>\n\n\n\n<p>Adem\u00e1s, el alcalde Miguel Ram\u00edrez reconoci\u00f3 que esta acci\u00f3n viene a romper los esquemas de los programas sociales, y que lo que hoy se hace es en equipo.<\/p>\n\n\n\n<p>Al arranque de esta Jornada de la Salud acudieron, adem\u00e1s, Roberto Bernal G\u00f3mez, secretario de Salud; Rom\u00e1n Alberto Cepeda Gonz\u00e1lez, alcalde de Torre\u00f3n; Javier D\u00edaz Gonz\u00e1lez, secretario de Inclusi\u00f3n y Desarrollo Social; as\u00ed como funcionarios p\u00fablicos estatales, municipales y p\u00fablico en general.<\/p>\n","protected":false},"excerpt":{"rendered":"<p>Matamoros, Coahuila de Zaragoza; a 13 de abril de 2023.- En el arranque de la Jornada de la Salud, que se puso en marcha en este municipio y que ser\u00e1 de gran beneficio para las familias matamorenses, el Gobernador de Coahuila acompa\u00f1\u00f3 al alcalde Miguel \u00c1ngel Ram\u00edrez L\u00f3pez. El mandatario estatal agradeci\u00f3 al Presidente Municipal por el trabajo en equipo para temas de seguridad, de infraestructura, o como el que&#8230;<\/p>\n","protected":false},"author":1,"featured_media":14679,"comment_status":"closed","ping_status":"closed","sticky":false,"template":"","format":"standard","meta":{"footnotes":""},"categories":[5,15,14],"tags":[],"class_list":["post-14678","post","type-post","status-publish","format-standard","has-post-thumbnail","hentry","category-coahuila","category-gobierno-de-coahuila","category-salud","wpcat-5-id","wpcat-15-id","wpcat-14-id"],"_links":{"self":[{"href":"https:\/\/www.aquilaguna.com\/index.php\/wp-json\/wp\/v2\/posts\/14678","targetHints":{"allow":["GET"]}}],"collection":[{"href":"https:\/\/www.aquilaguna.com\/index.php\/wp-json\/wp\/v2\/posts"}],"about":[{"href":"https:\/\/www.aquilaguna.com\/index.php\/wp-json\/wp\/v2\/types\/post"}],"author":[{"embeddable":true,"href":"https:\/\/www.aquilaguna.com\/index.php\/wp-json\/wp\/v2\/users\/1"}],"replies":[{"embeddable":true,"href":"https:\/\/www.aquilaguna.com\/index.php\/wp-json\/wp\/v2\/comments?post=14678"}],"version-history":[{"count":1,"href":"https:\/\/www.aquilaguna.com\/index.php\/wp-json\/wp\/v2\/posts\/14678\/revisions"}],"predecessor-version":[{"id":14680,"href":"https:\/\/www.aquilaguna.com\/index.php\/wp-json\/wp\/v2\/posts\/14678\/revisions\/14680"}],"wp:featuredmedia":[{"embeddable":true,"href":"https:\/\/www.aquilaguna.com\/index.php\/wp-json\/wp\/v2\/media\/14679"}],"wp:attachment":[{"href":"https:\/\/www.aquilaguna.com\/index.php\/wp-json\/wp\/v2\/media?parent=14678"}],"wp:term":[{"taxonomy":"category","embeddable":true,"href":"https:\/\/www.aquilaguna.com\/index.php\/wp-json\/wp\/v2\/categories?post=14678"},{"taxonomy":"post_tag","embeddable":true,"href":"https:\/\/www.aquilaguna.com\/index.php\/wp-json\/wp\/v2\/tags?post=14678"}],"curies":[{"name":"wp","href":"https:\/\/api.w.org\/{rel}","templated":true}]}}