{"id":14717,"date":"2023-04-17T17:34:53","date_gmt":"2023-04-17T23:34:53","guid":{"rendered":"https:\/\/www.aquilaguna.com\/?p=14717"},"modified":"2023-04-17T17:34:53","modified_gmt":"2023-04-17T23:34:53","slug":"mas-de-175-mil-estudiantes-regresan-a-clases-en-la-region-laguna-de-durango","status":"publish","type":"post","link":"https:\/\/www.aquilaguna.com\/index.php\/2023\/04\/17\/mas-de-175-mil-estudiantes-regresan-a-clases-en-la-region-laguna-de-durango\/","title":{"rendered":"M\u00c1S DE 175 MIL ESTUDIANTES REGRESAN A CLASES EN LA REGI\u00d3N LAGUNA DE DURANGO."},"content":{"rendered":"\n<p>Comarca Lagunera., Esta ma\u00f1ana se reintegraron a las clases del ciclo escolar<br>2022-2023, cerca de 175 mil estudiantes de todos los niveles educativos, en 11<br>municipios de la regi\u00f3n Laguna de Durango. Lo anterior fue dado a conocer por el<br>subsecretario de Educaci\u00f3n, Fernando Ulises Adame de Le\u00f3n.<\/p>\n\n\n\n<p>Coment\u00f3, que de los alumnos que se reintegran a clases en los niveles de<br>preescolar, primaria, secundaria, preparatoria y universidad, cerca de 150 mil<br>forman parte de la Subsecretar\u00eda de Educaci\u00f3n a su cargo, instituciones tanto<br>p\u00fablicas como privadas.<\/p>\n\n\n\n<p>Dijo, que el gobernador, Esteban Villegas Villarreal tiene especial inter\u00e9s en<br>brindar a las ni\u00f1as, ni\u00f1os y j\u00f3venes que se forman acad\u00e9micamente en las<br>instituciones de la entidad, en brindarles todas las herramientas necesarias para<br>que se preparen y logren a ser ciudadanos que trabajen por el desarrollo del<br>estado de Durango.<\/p>\n\n\n\n<p>Destac\u00f3, que gracias a la labor desarrollada por los Comit\u00e9s de Vigilancia<br>establecidos en escuelas de la regi\u00f3n y que est\u00e1n integrados por la Subsecretar\u00eda<br>de Educaci\u00f3n en la regi\u00f3n Laguna, la Asociaci\u00f3n de padres de familia de los<br>planteles educativos y los municipios, a trav\u00e9s de las corporaciones de Seguridad<br>P\u00fablica; durante el periodo vacacional de Semana Mayor, hasta este momento se<br>tiene registro de un solo incidente en los planteles educativos de la regi\u00f3n.<\/p>\n\n\n\n<p>Por \u00faltimo, Adame de Le\u00f3n manifest\u00f3, que sigue en marcha el Programa de<br>Activaci\u00f3n F\u00edsica en las escuelas de la regi\u00f3n, cuya finalidad es atender la salud<br>f\u00edsica y emocional de los estudiantes, reforzando medidas salud, disciplina, buen<br>comportamiento e integrando proyectos ejecutivos en \u00e1reas espec\u00edficas para<br>formar mejores ciudadanos.<\/p>\n","protected":false},"excerpt":{"rendered":"<p>Comarca Lagunera., Esta ma\u00f1ana se reintegraron a las clases del ciclo escolar2022-2023, cerca de 175 mil estudiantes de todos los niveles educativos, en 11municipios de la regi\u00f3n Laguna de Durango. Lo anterior fue dado a conocer por elsubsecretario de Educaci\u00f3n, Fernando Ulises Adame de Le\u00f3n. Coment\u00f3, que de los alumnos que se reintegran a clases en los niveles depreescolar, primaria, secundaria, preparatoria y universidad, cerca de 150 milforman parte de&#8230;<\/p>\n","protected":false},"author":1,"featured_media":14718,"comment_status":"closed","ping_status":"closed","sticky":false,"template":"","format":"standard","meta":{"footnotes":""},"categories":[40,9,64,63,28],"tags":[],"class_list":["post-14717","post","type-post","status-publish","format-standard","has-post-thumbnail","hentry","category-durango","category-educacion","category-gobierno-de-durango","category-gomez-palacio","category-la-laguna","wpcat-40-id","wpcat-9-id","wpcat-64-id","wpcat-63-id","wpcat-28-id"],"_links":{"self":[{"href":"https:\/\/www.aquilaguna.com\/index.php\/wp-json\/wp\/v2\/posts\/14717","targetHints":{"allow":["GET"]}}],"collection":[{"href":"https:\/\/www.aquilaguna.com\/index.php\/wp-json\/wp\/v2\/posts"}],"about":[{"href":"https:\/\/www.aquilaguna.com\/index.php\/wp-json\/wp\/v2\/types\/post"}],"author":[{"embeddable":true,"href":"https:\/\/www.aquilaguna.com\/index.php\/wp-json\/wp\/v2\/users\/1"}],"replies":[{"embeddable":true,"href":"https:\/\/www.aquilaguna.com\/index.php\/wp-json\/wp\/v2\/comments?post=14717"}],"version-history":[{"count":1,"href":"https:\/\/www.aquilaguna.com\/index.php\/wp-json\/wp\/v2\/posts\/14717\/revisions"}],"predecessor-version":[{"id":14719,"href":"https:\/\/www.aquilaguna.com\/index.php\/wp-json\/wp\/v2\/posts\/14717\/revisions\/14719"}],"wp:featuredmedia":[{"embeddable":true,"href":"https:\/\/www.aquilaguna.com\/index.php\/wp-json\/wp\/v2\/media\/14718"}],"wp:attachment":[{"href":"https:\/\/www.aquilaguna.com\/index.php\/wp-json\/wp\/v2\/media?parent=14717"}],"wp:term":[{"taxonomy":"category","embeddable":true,"href":"https:\/\/www.aquilaguna.com\/index.php\/wp-json\/wp\/v2\/categories?post=14717"},{"taxonomy":"post_tag","embeddable":true,"href":"https:\/\/www.aquilaguna.com\/index.php\/wp-json\/wp\/v2\/tags?post=14717"}],"curies":[{"name":"wp","href":"https:\/\/api.w.org\/{rel}","templated":true}]}}