{"id":14723,"date":"2023-04-17T17:47:00","date_gmt":"2023-04-17T23:47:00","guid":{"rendered":"https:\/\/www.aquilaguna.com\/?p=14723"},"modified":"2023-04-17T17:47:10","modified_gmt":"2023-04-17T23:47:10","slug":"candidato-manolo-jimenez-participara-en-campana-contra-adicciones","status":"publish","type":"post","link":"https:\/\/www.aquilaguna.com\/index.php\/2023\/04\/17\/candidato-manolo-jimenez-participara-en-campana-contra-adicciones\/","title":{"rendered":"Candidato Manolo JIm\u00e9nez participar\u00e1 en campa\u00f1a contra adicciones."},"content":{"rendered":"\n<p>Torre\u00f3n, Coahuila.- El candidato&nbsp; de la Alianza Ciudadana por la Seguridad&nbsp; Manolo&nbsp; Jim\u00e9nez Salinas,&nbsp; estar\u00e1&nbsp; participando&nbsp; en la campa\u00f1a&nbsp; que&nbsp; se emprende contra las adicciones, como parte importante&nbsp; de los ejes de su propuesta electoral en materia de salud, a la que&nbsp; a\u00f1ade, como herramienta fundamental el impulso masivo a las actividades culturales y deportivos de la poblaci\u00f3n juvenil en Coahuila.<\/p>\n\n\n\n<p>Reiter\u00f3 que&nbsp; en materia de seguridad los&nbsp; cuatro ejes que su propuesta de gobierno en materia de seguridad, sigue firme, se\u00f1alando que,&nbsp; &#8220;m\u00e1s acciones de cultura y deportes en las colonias y un gran proyecto de prevenci\u00f3n de adicciones, de entrada haciendo una gran alianza con quienes e dedican a esto \u00faltimo&#8221;, citando que, &#8220;hay muchas fundaciones, asociaciones de profesionales&nbsp; que hacen grandes esfuerzos,&nbsp; conocerlos y potencializarlos&#8221;.<\/p>\n\n\n\n<p>&#8220;Tenemos adem\u00e1s, la proximidad, si la gente quiere una polic\u00eda fuerte que tenga la capacidad de&nbsp; enfrentar a la denuncia&nbsp; organizada, pero a la vez una polic\u00eda mas fuerte y capacitada&#8221;.<\/p>\n\n\n\n<p>&#8220;Y ah\u00ed tenemos que trabajar en esto, yo ya lo hice antes, cuando fui alcalde de Saltillo,&nbsp;habiendo logrado que al t\u00e9rmino de mi gesti\u00f3n, la polic\u00eda de ese municipio estuviera entre las tres fuerzas policiacas m\u00e1s reconocidas&nbsp; en el pa\u00eds, entre las m\u00e1s seguras y confiables y cercanas a la ciudadan\u00eda&#8221;.&nbsp;<\/p>\n\n\n\n<p>Eso, aseguro, &#8220;lo vamos a hacer con la polic\u00eda estatal&nbsp; adem\u00e1s de reforzar el \u00e1rea con&nbsp; inteligencia y fuerza&#8221;.<\/p>\n\n\n\n<p>En cuanto a la megadeuda y su peso en la actual campa\u00f1a, afirm\u00f3 que, &#8220;este compromiso que tiene el Estado&nbsp; es un&nbsp; compromiso&nbsp; financiero al que le tenemos que dar viabilidad, lo que hay hacer, es que vamos a hacer con ello, para dar viabilidad a los proyectos de&nbsp; salud&nbsp; e&nbsp; infraestructura&#8221;.<\/p>\n\n\n\n<p>&#8220;Nosotros, estamos proponiendo un Consejo de Viabilidad&nbsp; Financiera, ciudadanizando las finanzas, con expertos en&nbsp; el tema, mujeres y hombres de prestigio estatal que nos puedan ayudar&nbsp; a definir que hacemos con el compromiso financiero de la deuda&#8221;.<\/p>\n\n\n\n<p>Entre tales posibilidades&nbsp; mencion\u00f3, &#8220;si se renegocia, si se pagan intereses, si se abona a capital y construir adem\u00e1s, esquemas que nos permitan realizar grandes obras de infraestructura&#8221;.<\/p>\n\n\n\n<p>Aqu\u00ed, afirm\u00f3, &#8220;voy a ciudadanizar el gobierno, vamos a gobernar junto con la sociedad&#8221;.<\/p>\n\n\n\n<p>En cuanto que&nbsp; si \u00e9l mismo es parte del &#8220;Moreirato&#8221;, afirm\u00f3 que, &#8220;esto es parte de las mentiras que comentaron&#8221;,&nbsp; recordando que, &#8220;la deuda se pone en orden o se legaliza&nbsp; por parte de la Legislatura&nbsp; N\u00famero 58 y yo,&nbsp; fui parte de la Legislatura 59&#8221;.<\/p>\n\n\n\n<p>Entonces son muchas las mentiras,pero imaginense si me pongo a&nbsp; en el debate a desmentirlas , me como mi tiempo..<\/p>\n\n\n\n<p>&#8220;Entonces me dije ante una mentira, una propuesta y ahi los pusimos en su lugar&#8221;.&nbsp;<\/p>\n\n\n\n<p>Argument\u00f3 que, &#8220;la gente&nbsp; al final de cuentas nos mide&nbsp; por lo que hemos hecho, por nuestras acciones, por nuestros resultados y la mejor carta de&nbsp; presentaci\u00f3n son los&nbsp; resultados que obtuve&nbsp; en los temas de finanzas, rendici\u00f3n de cuentas, transparencia, desarrollo&nbsp; social, etc.&#8221;, citando, &#8220;fui presidente municipal de Saltillo&#8221;.<\/p>\n\n\n\n<p>Esas, reiter\u00f3, &#8220;son mis mejores cartas de presentaci\u00f3n, eso, es lo que puede hablar por mi, porque&nbsp; la gente est\u00e1 cansada de discursos, palabras, grillas, son hechos, resultados concretos&#8221;.&nbsp;<\/p>\n\n\n\n<p>&#8220;Estamos seguros de que vamos&nbsp; ganar&#8221;,&nbsp; respondi\u00f3 a pregunta expresa, &#8220;estamos confiados, pero no bajamos la guardia, trabajamos intensamente&nbsp; desde muy temprano hasta muy tarde. Nos mantenemos muy cercanos a la gente. Nuestro compromiso va con la ciudadan\u00eda&#8221;.&nbsp;<\/p>\n\n\n\n<p>En cuanto al ambiente pol\u00edtico que se palpa en el Estado, afirm\u00f3 que&nbsp; &#8220;particularmente&nbsp;en Torre\u00f3n, porque aqu\u00ed privilegian mucho la parte de seguridad, les preocupa sobremanera &nbsp; por las colindancias con Zacatecas&#8221;.<\/p>\n\n\n\n<p>&#8220;La gente de Torre\u00f3n est\u00e1 consciente de ello&#8221;.<\/p>\n\n\n\n<p>&#8220;Hay un gran \u00e1nimo en este proceso&#8221;, para agradecer luego,&nbsp;la generosidad con la que esta poblaci\u00f3n le presta su apoyo, adem\u00e1s cit\u00f3 que, &#8220;hay una unidad total en el&nbsp; priismo, que cuando cierra filas, aparte de la alianza&nbsp; con otras fuerzas, que tenemos con otras fuerzas pol\u00edticas, sumadas las de la ciudadan\u00eda, es evidente&#8221;.<\/p>\n\n\n\n<p>Al calificativo que le endilg\u00f3 Guadiana Tijerina de ser &#8220;un pe\u00f1anietito&#8221;,&nbsp; tal acci\u00f3n solo le arranc\u00f3&nbsp; una carcajada,&nbsp;para decir&nbsp;que, &#8220;bueno eso&nbsp; fue parte de los dimes y diretes&#8221;.<\/p>\n\n\n\n<p>Por edad, agreg\u00f3, &#8220;soy parte de una nueva generaci\u00f3n, pero los hechos hablan, si se habla de honestidad&nbsp; y transparencia, ah\u00ed est\u00e1n los hechos&#8221;.<\/p>\n\n\n\n<p>Se\u00f1al\u00f3 luego &nbsp;el &#8220;jugueteo&#8221; con el que quiso realizar su participaci\u00f3n uno de los participantes, &#8220;como eso de prisa por ir a orinarse, es parte del&nbsp; juego&nbsp; y mas all\u00e1 de tomar las cosas en serio, pues en ese momento est\u00e1bamos hablando de educaci\u00f3n, tema importante, de la mayor preocupaci\u00f3n&nbsp; de los padres de familia, eso que salgan con chascarrillos, pues no lo&nbsp; merecen&#8221;.<\/p>\n\n\n\n<p>Anunci\u00f3 luego la participaci\u00f3n este martes, tendr\u00e1 en un foro convocado y organizado por&nbsp; la Universidad Iberoamericana, diciendo que esta acci\u00f3n\u2019, &#8220;est\u00e1 padre, porque te da la oportunidad de tener una mayor interacci\u00f3n, menos pleitos o provocaciones, temas m\u00e1s fruct\u00edferos&#8221;.<\/p>\n\n\n\n<p>En cuanto al formato que se utiliz\u00f3 en este primer debate, se pronunci\u00f3 por una revisi\u00f3n del mismo para el siguiente&nbsp; fijado para el uno de mayo pr\u00f3ximo.<\/p>\n","protected":false},"excerpt":{"rendered":"<p>Torre\u00f3n, Coahuila.- El candidato&nbsp; de la Alianza Ciudadana por la Seguridad&nbsp; Manolo&nbsp; Jim\u00e9nez Salinas,&nbsp; estar\u00e1&nbsp; participando&nbsp; en la campa\u00f1a&nbsp; que&nbsp; se emprende contra las adicciones, como parte importante&nbsp; de los ejes de su propuesta electoral en materia de salud, a la que&nbsp; a\u00f1ade, como herramienta fundamental el impulso masivo a las actividades culturales y deportivos de la poblaci\u00f3n juvenil en Coahuila. Reiter\u00f3 que&nbsp; en materia de seguridad los&nbsp; cuatro ejes&#8230;<\/p>\n","protected":false},"author":2,"featured_media":0,"comment_status":"closed","ping_status":"","sticky":false,"template":"","format":"standard","meta":{"footnotes":""},"categories":[97,20,5,42,7],"tags":[],"class_list":["post-14723","post","type-post","status-publish","format-standard","hentry","category-alianza-ciudadana","category-campanas","category-coahuila","category-elecciones","category-torreon","wpcat-97-id","wpcat-20-id","wpcat-5-id","wpcat-42-id","wpcat-7-id"],"_links":{"self":[{"href":"https:\/\/www.aquilaguna.com\/index.php\/wp-json\/wp\/v2\/posts\/14723","targetHints":{"allow":["GET"]}}],"collection":[{"href":"https:\/\/www.aquilaguna.com\/index.php\/wp-json\/wp\/v2\/posts"}],"about":[{"href":"https:\/\/www.aquilaguna.com\/index.php\/wp-json\/wp\/v2\/types\/post"}],"author":[{"embeddable":true,"href":"https:\/\/www.aquilaguna.com\/index.php\/wp-json\/wp\/v2\/users\/2"}],"replies":[{"embeddable":true,"href":"https:\/\/www.aquilaguna.com\/index.php\/wp-json\/wp\/v2\/comments?post=14723"}],"version-history":[{"count":2,"href":"https:\/\/www.aquilaguna.com\/index.php\/wp-json\/wp\/v2\/posts\/14723\/revisions"}],"predecessor-version":[{"id":14725,"href":"https:\/\/www.aquilaguna.com\/index.php\/wp-json\/wp\/v2\/posts\/14723\/revisions\/14725"}],"wp:attachment":[{"href":"https:\/\/www.aquilaguna.com\/index.php\/wp-json\/wp\/v2\/media?parent=14723"}],"wp:term":[{"taxonomy":"category","embeddable":true,"href":"https:\/\/www.aquilaguna.com\/index.php\/wp-json\/wp\/v2\/categories?post=14723"},{"taxonomy":"post_tag","embeddable":true,"href":"https:\/\/www.aquilaguna.com\/index.php\/wp-json\/wp\/v2\/tags?post=14723"}],"curies":[{"name":"wp","href":"https:\/\/api.w.org\/{rel}","templated":true}]}}