{"id":14780,"date":"2023-04-19T19:34:17","date_gmt":"2023-04-20T01:34:17","guid":{"rendered":"https:\/\/www.aquilaguna.com\/?p=14780"},"modified":"2023-04-19T19:34:17","modified_gmt":"2023-04-20T01:34:17","slug":"aqui-laguna-221","status":"publish","type":"post","link":"https:\/\/www.aquilaguna.com\/index.php\/2023\/04\/19\/aqui-laguna-221\/","title":{"rendered":"Aqu\u00ed Laguna."},"content":{"rendered":"\n<p>\u00a1Esperanzador!\u00a0 Si bien como dice el dicho &#8220;una golondrina no hace verano&#8221;, result\u00f3 sin duda la decisi\u00f3n de\u00a0 ocho de los once Magistrados\u00a0 integrantes\u00a0 de la\u00a0 Suprema Corte de Justicia que declara inconstitucionalidad\u00a0 la pretensi\u00f3n del legislativo de trasladar bajo el mando de la Sedena la Guardia Nacional, y con ello establecer, por fin una l\u00ednea visible de la indispensable de la cl\u00e1sica\u00a0 divisi\u00f3n de Poderes\u00a0 sobre la que se alimenta la existencia de una Rep\u00fablica como la nuestra,\u00a0 o al menos la que aspiramos a ser. Ello constituye por ahora, en medio de \u00a0 revuelto \u00a0 clima\u00a0 pol\u00edtico y social\u00a0 en nuestro pa\u00eds, de ah\u00ed la importancia de que \u00a0 se hayan decidido por que el Estado de Derecho impere y se mantenga, con todo y la precariedad\u00a0 temporal\u00a0 que la amenaza con enviar all\u00e1 por el 2024, la pretensi\u00f3n de una reforma Constitucional que allane\u00a0 tal camino, como lo revel\u00f3 este d\u00eda el Presidente Andr\u00e9s\u00a0 Manuel L\u00f3pez Obrador tras lanzar una nueva andanada de\u00a0 insultos y descalificaciones sobre los miembros de un poder que en esta rep\u00fablica es igual al Poder Ejecutivo que el detenta, por haber decidido que las polic\u00edas en este pa\u00eds, sigan siendo del orden civil,\u00a0 y no a pasar a hacer solo un ap\u00e9ndice de la SEDENA. Ello no implica que este \u00faltimo cuerpo \u00a0 colabore en la capacitaci\u00f3n y formaci\u00f3n de\u00a0 las fuerzas de polic\u00eda de que hoy esta m\u00e1s que necesitada nuestra patria, hundida como est\u00e1, en la violencia criminal que dominan\u00a0 grandes\u00a0 espacios territoriales en nuestro pa\u00eds, sin que el gobierno federal a\u00a0 m\u00e1s de cuatro a\u00f1os del inicio de su gesti\u00f3n haya sido capaz de presentar y ejecutar un proyecto\u00a0 para\u00a0 construir en M\u00e9xico una fuerza\u00a0 polic\u00edaca, de seguridad p\u00fablica, profesional y competente, \u00a0 amparados en el argumento de que en la SEDENA resulta imposible corrupci\u00f3n alguna. Los hechos, al menos revelados en los \u00faltimos d\u00edas, dicen lo contrario, y no ten\u00eda porque ser diferente, toda vez que tanto los cuerpos polic\u00edacos civiles, como quienes integran las fuerzas armadas, est\u00e1n conformadas por hombres y mujeres, solo eso, susceptibles, como el que mas\u00a0 de la raza humana\u00a0 a ser\u00a0 tentados, corrompidos, seducidos por la riqueza, la ostentaci\u00f3n,\u00a0 olvidando\u00a0 o haciendo un lado\u00a0 valores, que puedan blindar en alg\u00fan grado tales\u00a0 desviaciones.<\/p>\n\n\n\n<p>Ah\u00ed tienen ustedes,\u00a0 la demoledora investigaci\u00f3n que hiciera p\u00fablica esta semana el diario nacional El Universal, que da cuenta pormenorizada, derivada de\u00a0 informaciones filtradas o\u00a0 hackeadas\u00a0 de sus archivos\u00a0 digitales, de las andanzas viajeras -viajes de terciopelo como lo califican-,\u00a0 del titular de la SEDENA, General de Divisi\u00f3n Luis Crescencio Sandoval, a quien seg\u00fan lo expuso le gusta viajar, eso s\u00ed acompa\u00f1ado de familia -que\u00a0 incluy\u00f3 hasta\u00a0 su suegra-, numerosos\u00a0 asistentes, hospedarse en\u00a0 palacios y hoteles de lujo del viejo mundo, a bordo a veces, de naves comerciales\u00a0 o hasta de aviones del Ej\u00e9rcito bajo su mando. Tal situaci\u00f3n no debe ni tan solo causar asombro alguno, pues obvio es dif\u00edcil conservar figura\u00a0 en medio de tantas y tantas posibilidades de hacerlo, con recursos p\u00fablicos sin que\u00a0 haya sombra alguna de sanci\u00f3n. Lo grave es\u00a0 la percepci\u00f3n de que tal hecho tengan o se hayan formado y est\u00e1n formando los miembros de una organizaci\u00f3n\u00a0vertical\u00a0 de quienes no forman parte de su elite, es decir, de su base,\u00a0 la de sus\u00a0 soldados rasos, que solo devengan, seg\u00fan publicaciones period\u00edsticas, apenas si 15,000 pesos mensuales\u00a0y no son\u00a0 con tal nivel de mando y de ingreso, de modo alguno beneficiarios de lo que &#8220;escurre&#8221; de la reconversi\u00f3n econ\u00f3mica -para llamarla de alguna forma-,\u00a0 que se registra con la expedici\u00f3n de \u00a0 contratos, concesiones, etc., de las m\u00faltiples funciones que nuestro Presidente le endilg\u00f3 a la SEDENA, mas all\u00e1 de los limites que estos tienen establecidos como funci\u00f3n primigenia, que no es otra que la de ser garantes de la soberan\u00eda nacional.<\/p>\n\n\n\n<p>Sin duda en nuestro acreditado\u00a0 cuerpo militar, que mostr\u00f3 \u00a0 solvencia institucional y moral a lo largo de muchas, muchas d\u00e9cadas, no la ha de estar pasando a nivel interno con tales revelaciones con todo y la \u00a0 draconiana disciplina militar \u00a0 no ha de estar siendo f\u00e1cil \u00a0y lo que\u00a0 estaremos viendo, si bien\u00a0 por ahora y a\u00a0 nivel literario, que por ahora no hist\u00f3rico, lo que tal acumulamiento de poder ha generado en\u00a0 el pasado tales condiciones\u00a0como ya se ha conocido en otras\u00a0 naciones en especial las de nuestro continente.<\/p>\n\n\n\n<p>Por ello mismo no ser\u00eda desde\u00f1able dar una que otra repasada al\u00a0 texto\u00a0 de la novela cl\u00e1sica de am\u00e9rica latina,\u00a0 que diera a su autor un Premio\u00a0 Nobel, como fue el caso de Miguel\u00a0 Angel Asturas y su inmortal novela &#8220;El Se\u00f1or Presidente&#8221;, o bien\u00a0 nuestra muy mexicana &#8220;La Sombra del\u00a0 Caudillo&#8221; de Mart\u00edn Luis Guzm\u00e1n, &#8220;La Fiesta del Chivo&#8221;, m\u00e1s reciente, de la autor\u00eda de\u00a0 Vargas Llosa otro Nobel, etc., etc.<\/p>\n\n\n\n<p>Y por si fuera poco el asunto Pegaso y\u00a0 espionaje a todo aquel que nuestro gobierno considere &#8220;sospechoso&#8221;.<\/p>\n\n\n\n<p>Y en el proceso\u00a0 de las campa\u00f1as\u00a0 electorales en pos de la gubernatura de Coahuila, \u00a0y entre los restos que dejan los ecos del fallido primer debate\u00a0&#8220;oficial&#8221; convocado y organizado -o desorganizado, seg\u00fan se vea-, luego de lo visto por\u00a0 la poblaci\u00f3n que tuvo inter\u00e9s y acceso al mismo el pasado lunes, y que se espera este primero de mayo el IEC,\u00a0 pueda deshacer tales entuertos y genere \u00a0 frutos m\u00e1s positivos a la ciudadan\u00eda que se integre como espectador pasivo a los encuentros y desencuentros obvios que habr\u00e1n de escenificar sus participantes, esto es Manolo Jim\u00e9nez Salinas, Lenin P\u00e9rez\u00a0 Rivera, Armando Guadiana\u00a0 Tijerina\u00a0 y Ricardo Mej\u00eda\u00a0 Berdeja\u00a0y que esta misma tarde,\u00a0 estar\u00e1n \u00a0 realizando otro m\u00e1s en la capital del Estado, convocado por la Coparmex, que se espera transcurra\u00a0 bajo mejor m\u00e9todo y los resultados que generen para \u00a0 enriquecer \u00a0 el contenido de esta contienda mas all\u00e1 de\u00a0 una lucha feroz del poder por el poder.<\/p>\n\n\n\n<p>En esta l\u00ednea, bien\u00a0 para Manolo Jim\u00e9nez Salinas ante\u00a0 su presentaci\u00f3n sostenida ayer martes ante el alumnado de la IBERO Laguna, a donde acudi\u00f3 acompa\u00f1ado de su esposa\u00a0 y\u00a0 que hizo visible la anfitrion\u00eda\u00a0 de los restos de la \u00e9lite\u00a0 panista en esta comarca, mas all\u00e1 de sus\u00a0 lideres formales -Memo Anaya,\u00a0 Marcelo Torres-,\u00a0 as\u00ed como de\u00a0 los jesuitas dirigentes de este\u00a0 universidad privada \u00a0 y que agrupa desde algunas d\u00e9cadas,\u00a0 la ense\u00f1anza profesional y su preparaci\u00f3n\u00a0 human\u00edstica de\u00a0 los cachorros\u00a0 de esta\u00a0 la clase media &#8220;seg\u00fan la define Lopez Obrador&#8221;\u00a0 pues la elite,\u00a0 se la encuentra Usted, en los espacios del ITESM Laguna\u00a0 que acapara\u00a0 y cobija \u00a0 desde hace algunos lustros\u00a0 \u00a0 la educaci\u00f3n media y superior de los cachorros\u00a0 de tal casta de\u00a0 laguneros, y a cuyo territorio no se conoce aun, que tal instituci\u00f3n haya girado invitaci\u00f3n alguna a\u00a0 candidato a gobernador alguno a presentarse en su escenario, por tal y que uno de los contendientes, en este caso, el de la denominada Alianza\u00a0 por la Seguridad, es decir, del ingeniero\u00a0 Jim\u00e9nez Salinas\u00a0 es uno de los egresados.<\/p>\n\n\n\n<p>Por cierto, m\u00e1s que comentado\u00a0 el destino que tiene el reto que lanzara el\u00a0 martes\u00a0 Ricardo Mej\u00eda Berdeja\u00a0 de\u00a0 convocar\u00a0 un &#8220;cara a cara&#8221;\u00a0 con el\u00a0 aspirante que por ahora lleva notable ventaja a su favor, en \u00e9sta contienda,\u00a0 es decir, el Ingeniero Jim\u00e9nez Salinas\u00a0 que dio como respuesta a tal invitaci\u00f3n\u00a0 con un\u00a0&#8220;cuando RIcardo alcance un 30% de preferencias, hablamos&#8221;, es decir, que por ahora Mej\u00eda Berdeja no alcanza aun peso alguno como retador del citado.<\/p>\n","protected":false},"excerpt":{"rendered":"<p>\u00a1Esperanzador!\u00a0 Si bien como dice el dicho &#8220;una golondrina no hace verano&#8221;, result\u00f3 sin duda la decisi\u00f3n de\u00a0 ocho de los once Magistrados\u00a0 integrantes\u00a0 de la\u00a0 Suprema Corte de Justicia que declara inconstitucionalidad\u00a0 la pretensi\u00f3n del legislativo de trasladar bajo el mando de la Sedena la Guardia Nacional, y con ello establecer, por fin una l\u00ednea visible de la indispensable de la cl\u00e1sica\u00a0 divisi\u00f3n de Poderes\u00a0 sobre la que se&#8230;<\/p>\n","protected":false},"author":2,"featured_media":0,"comment_status":"closed","ping_status":"","sticky":false,"template":"","format":"standard","meta":{"footnotes":""},"categories":[8],"tags":[],"class_list":["post-14780","post","type-post","status-publish","format-standard","hentry","category-aqui-laguna","wpcat-8-id"],"_links":{"self":[{"href":"https:\/\/www.aquilaguna.com\/index.php\/wp-json\/wp\/v2\/posts\/14780","targetHints":{"allow":["GET"]}}],"collection":[{"href":"https:\/\/www.aquilaguna.com\/index.php\/wp-json\/wp\/v2\/posts"}],"about":[{"href":"https:\/\/www.aquilaguna.com\/index.php\/wp-json\/wp\/v2\/types\/post"}],"author":[{"embeddable":true,"href":"https:\/\/www.aquilaguna.com\/index.php\/wp-json\/wp\/v2\/users\/2"}],"replies":[{"embeddable":true,"href":"https:\/\/www.aquilaguna.com\/index.php\/wp-json\/wp\/v2\/comments?post=14780"}],"version-history":[{"count":1,"href":"https:\/\/www.aquilaguna.com\/index.php\/wp-json\/wp\/v2\/posts\/14780\/revisions"}],"predecessor-version":[{"id":14781,"href":"https:\/\/www.aquilaguna.com\/index.php\/wp-json\/wp\/v2\/posts\/14780\/revisions\/14781"}],"wp:attachment":[{"href":"https:\/\/www.aquilaguna.com\/index.php\/wp-json\/wp\/v2\/media?parent=14780"}],"wp:term":[{"taxonomy":"category","embeddable":true,"href":"https:\/\/www.aquilaguna.com\/index.php\/wp-json\/wp\/v2\/categories?post=14780"},{"taxonomy":"post_tag","embeddable":true,"href":"https:\/\/www.aquilaguna.com\/index.php\/wp-json\/wp\/v2\/tags?post=14780"}],"curies":[{"name":"wp","href":"https:\/\/api.w.org\/{rel}","templated":true}]}}