{"id":14798,"date":"2023-04-20T19:21:04","date_gmt":"2023-04-21T01:21:04","guid":{"rendered":"https:\/\/www.aquilaguna.com\/?p=14798"},"modified":"2023-04-20T19:21:05","modified_gmt":"2023-04-21T01:21:05","slug":"seguiremos-buscando-alternativas-para-evitar-que-el-inai-quede-paralizado-julen-rementeria","status":"publish","type":"post","link":"https:\/\/www.aquilaguna.com\/index.php\/2023\/04\/20\/seguiremos-buscando-alternativas-para-evitar-que-el-inai-quede-paralizado-julen-rementeria\/","title":{"rendered":"SEGUIREMOS BUSCANDO ALTERNATIVAS PARA EVITAR QUE EL INAI QUEDE PARALIZADO: JULEN REMENTER\u00cdA."},"content":{"rendered":"\n<p>El coordinador de la bancada del Partido Acci\u00f3n Nacional (PAN) en el Senado, Julen Rementer\u00eda del Puerto, afirm\u00f3 que seguir\u00e1n buscando alternativas para evitar que el Instituto Nacional de Transparencia, Acceso a la Informaci\u00f3n y Protecci\u00f3n de Datos Personales (INAI) quede paralizado, y por ello el motivo de la reuni\u00f3n con el secretario de Gobernaci\u00f3n, Ad\u00e1n Augusto L\u00f3pez, el d\u00eda de ayer.<\/p>\n\n\n\n<p>\u201cEl nombramiento de comisionados no parece que pueda resolverse pronto, lamentablemente, y el \u00fanico acuerdo que se alcanz\u00f3 durante el encuentro con el secretario de Gobernaci\u00f3n, fue seguir dialogando, y no somos ingenuos, porque eso tampoco garantiza nada\u201d, mencion\u00f3.&nbsp;&nbsp;<\/p>\n\n\n\n<p>En entrevista, el legislador veracruzano expres\u00f3 que, hasta el d\u00eda de hoy no ha habido nada y no est\u00e1 convocada ninguna sesi\u00f3n para abordar el tema, y todo parece indicar que va a tomarse m\u00e1s tiempo.<\/p>\n\n\n\n<p>\u201cPareciera que lo que quieren es que se llegue el fin de este periodo y vayamos a receso. Yo lo ofrec\u00ed ayer precisamente al secretario y a Monreal, en esa reuni\u00f3n de ayer, que podemos sesionar lunes, martes, mi\u00e9rcoles, jueves, viernes, s\u00e1bado, domingo, o cualquier d\u00eda de la semana que entra antes del 30 de abril, pero claro, sesionar si hay la intenci\u00f3n de aprobarlo porque si no pues tampoco tiene ning\u00fan sentido\u201d, apunt\u00f3.<\/p>\n\n\n\n<p>Rementer\u00eda del Puerto precis\u00f3 que m\u00e1s all\u00e1 de los nombres para los comisionados, lo importante es cubrir las vacantes del INAI.<\/p>\n\n\n\n<p>Que el grupo mayoritario y aliados no siga demostrando que en el fondo no es una falta de acuerdo, sino una determinaci\u00f3n del gobierno de que no se haga, a\u00f1adi\u00f3.<\/p>\n\n\n\n<p>\u201cEl problema de los nombramientos no se ha alcanzado, no se ha dado porque seg\u00fan en Morena no est\u00e1n de acuerdo, y como oposici\u00f3n seguimos insistiendo en que el INAI no se quede paralizado, e insistiremos hasta que se nombre, a trav\u00e9s de la v\u00eda parlamentaria o se haga a trav\u00e9s de la v\u00eda judicial, como ya lo est\u00e1n reclamando los propios comisionados\u201d, resalt\u00f3.<\/p>\n\n\n\n<p>En ese tenor, el l\u00edder de la bancada panista inform\u00f3 que la Oficina del Alto Comisionado en Derechos Humanos de la ONU, emiti\u00f3 un exhorto a los coordinadores de las diferentes bancadas para que se llegue a un acuerdo y concluir este proceso de nombramientos para que el INAI pueda ejercer a plenitud su funci\u00f3n.<\/p>\n","protected":false},"excerpt":{"rendered":"<p>El coordinador de la bancada del Partido Acci\u00f3n Nacional (PAN) en el Senado, Julen Rementer\u00eda del Puerto, afirm\u00f3 que seguir\u00e1n buscando alternativas para evitar que el Instituto Nacional de Transparencia, Acceso a la Informaci\u00f3n y Protecci\u00f3n de Datos Personales (INAI) quede paralizado, y por ello el motivo de la reuni\u00f3n con el secretario de Gobernaci\u00f3n, Ad\u00e1n Augusto L\u00f3pez, el d\u00eda de ayer. \u201cEl nombramiento de comisionados no parece que pueda&#8230;<\/p>\n","protected":false},"author":1,"featured_media":0,"comment_status":"closed","ping_status":"closed","sticky":false,"template":"","format":"standard","meta":{"footnotes":""},"categories":[17,51],"tags":[],"class_list":["post-14798","post","type-post","status-publish","format-standard","hentry","category-pan","category-senado","wpcat-17-id","wpcat-51-id"],"_links":{"self":[{"href":"https:\/\/www.aquilaguna.com\/index.php\/wp-json\/wp\/v2\/posts\/14798","targetHints":{"allow":["GET"]}}],"collection":[{"href":"https:\/\/www.aquilaguna.com\/index.php\/wp-json\/wp\/v2\/posts"}],"about":[{"href":"https:\/\/www.aquilaguna.com\/index.php\/wp-json\/wp\/v2\/types\/post"}],"author":[{"embeddable":true,"href":"https:\/\/www.aquilaguna.com\/index.php\/wp-json\/wp\/v2\/users\/1"}],"replies":[{"embeddable":true,"href":"https:\/\/www.aquilaguna.com\/index.php\/wp-json\/wp\/v2\/comments?post=14798"}],"version-history":[{"count":1,"href":"https:\/\/www.aquilaguna.com\/index.php\/wp-json\/wp\/v2\/posts\/14798\/revisions"}],"predecessor-version":[{"id":14799,"href":"https:\/\/www.aquilaguna.com\/index.php\/wp-json\/wp\/v2\/posts\/14798\/revisions\/14799"}],"wp:attachment":[{"href":"https:\/\/www.aquilaguna.com\/index.php\/wp-json\/wp\/v2\/media?parent=14798"}],"wp:term":[{"taxonomy":"category","embeddable":true,"href":"https:\/\/www.aquilaguna.com\/index.php\/wp-json\/wp\/v2\/categories?post=14798"},{"taxonomy":"post_tag","embeddable":true,"href":"https:\/\/www.aquilaguna.com\/index.php\/wp-json\/wp\/v2\/tags?post=14798"}],"curies":[{"name":"wp","href":"https:\/\/api.w.org\/{rel}","templated":true}]}}