{"id":148,"date":"2021-02-05T20:11:24","date_gmt":"2021-02-06T02:11:24","guid":{"rendered":"http:\/\/34.69.167.107\/?p=148"},"modified":"2021-02-05T20:11:24","modified_gmt":"2021-02-06T02:11:24","slug":"en-coahuila-hacemos-equipo-con-sociedad-civil-contra-el-cancer-marcela-gorgon","status":"publish","type":"post","link":"https:\/\/www.aquilaguna.com\/index.php\/2021\/02\/05\/en-coahuila-hacemos-equipo-con-sociedad-civil-contra-el-cancer-marcela-gorgon\/","title":{"rendered":"EN COAHUILA HACEMOS EQUIPO CON SOCIEDAD CIVIL CONTRA EL C\u00c1NCER: MARCELA GORG\u00d3N."},"content":{"rendered":"\n<p>Torre\u00f3n, Coahuila de Zaragoza; a 4 de Febrero de 2021.- La Presidenta Honoraria del DIF Coahuila, Marcela Gorg\u00f3n, se\u00f1al\u00f3 que en Coahuila se trabaja en equipo con las organizaciones de la sociedad civil para apoyar a las personas que enfrentan el c\u00e1ncer.<\/p>\n\n\n\n<p>\u201cEl DIF Coahuila y el Gobierno del Estado trabajamos de la mano con las organizaciones de la sociedad civil para sumar esfuerzos y apoyar a ni\u00f1as, ni\u00f1os, adolescentes y adultos que enfrentan con valor esta enfermedad. En esta tarea contamos tambi\u00e9n con el apoyo de los sistemas DIF municipales\u201d, se\u00f1al\u00f3.<\/p>\n\n\n\n<p>En el marco del D\u00eda Mundial de la Lucha contra el C\u00e1ncer, Marcela Gorg\u00f3n record\u00f3 que el gobernador Miguel \u00c1ngel Riquelme Sol\u00eds firm\u00f3 hace unos d\u00edas el convenio para la entrega de 85 millones de pesos en medicamentos oncol\u00f3gicos mediante el programa \u201cA tu lado, luchando juntos\u201d.<\/p>\n\n\n\n<p>\u201cBajo este esquema, el Gobierno de Coahuila, organizaciones de la sociedad civil, empresarios y el DIF Coahuila, estaremos al pendiente de las ni\u00f1as, ni\u00f1os, adolescentes y de quienes enfrentan con valent\u00eda al c\u00e1ncer, para que cuenten con el apoyo de su medicamento\u201d, dijo.<\/p>\n\n\n\n<p>Aunado a estas acciones, a finales de 2020 se entregaron apoyos econ\u00f3micos a 21 organismos de la sociedad civil que brindan atenci\u00f3n a personas con c\u00e1ncer y sus familias por un monto global de 2.1 millones de pesos, derivados de los recursos de la Gran Carrera \u201cFuertes contra el C\u00e1ncer\u201d y de apoyos adicionales instruidos por el gobernador Miguel Riquelme.<\/p>\n\n\n\n<p>Adem\u00e1s, la Secretar\u00eda de Salud del Gobierno de Coahuila realiza diversas acciones para brindar atenci\u00f3n m\u00e9dica a quienes padecen ese mal.<\/p>\n\n\n\n<p>Actualmente, el DIF Coahuila lleva a cabo la \u201cSegunda Colecta de Tapitas\u201d mediante centros de acopio de ese material, instalados en las Coordinaciones Regionales de esta dependencia.<\/p>\n\n\n\n<p>\u201cLas tapitas que se reciban en nuestras instalaciones ser\u00e1n destinadas a diversos organismos de la sociedad civil que trabajan por esta noble causa. Ese material lo comercializan y los recursos que se derivan de ello van destinados a financiar tratamientos contra el c\u00e1ncer para ni\u00f1as y ni\u00f1os\u201d, destac\u00f3 la se\u00f1ora Marcela Gorg\u00f3n.<\/p>\n\n\n\n<p>+ En la Regi\u00f3n Norte se beneficiar\u00e1 al \u201cClub Rotaract Emprendedor Poniente Piedras Negras A.C\u201d.<\/p>\n\n\n\n<p>+ En la Regi\u00f3n Carbon\u00edfera, al \u201cClub de Leones de Sabinas A.C.\u201d.&nbsp;<\/p>\n\n\n\n<p>+ En la Regi\u00f3n Centro, a \u201cSonrisa Asociaci\u00f3n Luisito Tijerina Aguilar para Ni\u00f1as y Ni\u00f1os con C\u00e1ncer A.C\u201d.<\/p>\n\n\n\n<p>+ Mientras que en la Regi\u00f3n Sureste, se apoyar\u00e1 con esta colecta a \u201cNi\u00f1as y Ni\u00f1os con Leucemia A.C.\u201d y en la Regi\u00f3n Laguna a \u201cDestapa una Esperanza A.C\u201d.<\/p>\n\n\n\n<p>UBICA EN TU REGI\u00d3N LOS CENTROS DE ACOPIO DE TAPITAS<\/p>\n\n\n\n<p>En la Regi\u00f3n Norte, el centro de acopio est\u00e1 ubicado en las oficinas del DIF Estatal de Piedras Negras, ubicadas en Libramiento Manuel P\u00e9rez Trevi\u00f1o S\/N, en la Colonia Parque Industrial.<\/p>\n\n\n\n<p>En la Regi\u00f3n Centro, el contenedor est\u00e1 ubicado en la Coordinaci\u00f3n Regional, ubicada en la calle Nogal 831, Colonia Fovissste.<\/p>\n\n\n\n<p>En la Regi\u00f3n Carbon\u00edfera estar\u00e1 ubicado en las instalaciones de Lamadrid Poniente 634, Zona Centro, de Sabinas.<\/p>\n\n\n\n<p>En la Regi\u00f3n Laguna, se recibir\u00e1n las tapitas en la Avenida Santa Mar\u00eda 1025, Colonia Moderna, entre Pino Su\u00e1rez y Acu\u00f1a, en Torre\u00f3n.<\/p>\n\n\n\n<p>En la Regi\u00f3n Sureste, el contenedor est\u00e1 ubicado en las oficinas del DIF Coahuila, sobre la calle Paseo de las Arboledas, S\/N (atr\u00e1s del parque El Chapul\u00edn).<\/p>\n","protected":false},"excerpt":{"rendered":"<p>Torre\u00f3n, Coahuila de Zaragoza; a 4 de Febrero de 2021.- La Presidenta Honoraria del DIF Coahuila, Marcela Gorg\u00f3n, se\u00f1al\u00f3 que en Coahuila se trabaja en equipo con las organizaciones de la sociedad civil para apoyar a las personas que enfrentan el c\u00e1ncer. \u201cEl DIF Coahuila y el Gobierno del Estado trabajamos de la mano con las organizaciones de la sociedad civil para sumar esfuerzos y apoyar a ni\u00f1as, ni\u00f1os, adolescentes&#8230;<\/p>\n","protected":false},"author":1,"featured_media":149,"comment_status":"closed","ping_status":"","sticky":false,"template":"","format":"standard","meta":{"footnotes":""},"categories":[5],"tags":[],"class_list":["post-148","post","type-post","status-publish","format-standard","has-post-thumbnail","hentry","category-coahuila","wpcat-5-id"],"_links":{"self":[{"href":"https:\/\/www.aquilaguna.com\/index.php\/wp-json\/wp\/v2\/posts\/148","targetHints":{"allow":["GET"]}}],"collection":[{"href":"https:\/\/www.aquilaguna.com\/index.php\/wp-json\/wp\/v2\/posts"}],"about":[{"href":"https:\/\/www.aquilaguna.com\/index.php\/wp-json\/wp\/v2\/types\/post"}],"author":[{"embeddable":true,"href":"https:\/\/www.aquilaguna.com\/index.php\/wp-json\/wp\/v2\/users\/1"}],"replies":[{"embeddable":true,"href":"https:\/\/www.aquilaguna.com\/index.php\/wp-json\/wp\/v2\/comments?post=148"}],"version-history":[{"count":1,"href":"https:\/\/www.aquilaguna.com\/index.php\/wp-json\/wp\/v2\/posts\/148\/revisions"}],"predecessor-version":[{"id":150,"href":"https:\/\/www.aquilaguna.com\/index.php\/wp-json\/wp\/v2\/posts\/148\/revisions\/150"}],"wp:featuredmedia":[{"embeddable":true,"href":"https:\/\/www.aquilaguna.com\/index.php\/wp-json\/wp\/v2\/media\/149"}],"wp:attachment":[{"href":"https:\/\/www.aquilaguna.com\/index.php\/wp-json\/wp\/v2\/media?parent=148"}],"wp:term":[{"taxonomy":"category","embeddable":true,"href":"https:\/\/www.aquilaguna.com\/index.php\/wp-json\/wp\/v2\/categories?post=148"},{"taxonomy":"post_tag","embeddable":true,"href":"https:\/\/www.aquilaguna.com\/index.php\/wp-json\/wp\/v2\/tags?post=148"}],"curies":[{"name":"wp","href":"https:\/\/api.w.org\/{rel}","templated":true}]}}