{"id":14816,"date":"2023-04-21T18:14:06","date_gmt":"2023-04-22T00:14:06","guid":{"rendered":"https:\/\/www.aquilaguna.com\/?p=14816"},"modified":"2023-04-21T18:14:06","modified_gmt":"2023-04-22T00:14:06","slug":"controlan-incendio-registrado-en-el-perimetro-del-parque-industrial-ferropuerto","status":"publish","type":"post","link":"https:\/\/www.aquilaguna.com\/index.php\/2023\/04\/21\/controlan-incendio-registrado-en-el-perimetro-del-parque-industrial-ferropuerto\/","title":{"rendered":"Controlan incendio registrado en el per\u00edmetro del Parque Industrial Ferropuerto."},"content":{"rendered":"\n<p>Torre\u00f3n, Coahuila. A 21 de abril de 2023.<\/p>\n\n\n\n<p>Personal de la Direcci\u00f3n de Protecci\u00f3n Civil y Bomberos de Torre\u00f3n, atendi\u00f3 el<br>reporte de incendio de un pastizal al oriente de la ciudad, elementos de la<br>corporaci\u00f3n se encuentran en el lugar y reportan el siniestro como controlado.<\/p>\n\n\n\n<p>No se registra ninguna persona lesionada.<\/p>\n\n\n\n<p>Jorge Luis Ju\u00e1rez Llanas, titular de la dependencia, inform\u00f3 que el reporte fue<br>recibido el d\u00eda de hoy a las 14:30 horas, se\u00f1alando un incendio en el per\u00edmetro del<br>Parque Industrial Ferropuerto.<\/p>\n\n\n\n<p>Indic\u00f3 que al \u00e1rea se trasladaron de inmediato elementos de la corporaci\u00f3n<br>pertenecientes a la subestaci\u00f3n Mieleras, con las m\u00e1quinas y cisternas necesarias<br>para su contenci\u00f3n, as\u00ed como elementos de las Direcciones de Tr\u00e1nsito y Vialidad<br>y Seguridad P\u00fablica Municipal.<\/p>\n\n\n\n<p>El funcionario mencion\u00f3 que contin\u00faan las labores en el lugar y se trabaja en el<br>corte de maleza.<\/p>\n\n\n\n<p>Coment\u00f3 que ser\u00e1 durante las pr\u00f3ximas horas cuando se sofoque completamente<br>el fuego y se elimine cualquier tipo de riesgo.<\/p>\n\n\n\n<p>La l\u00ednea de emergencias de Protecci\u00f3n Civil y Bomberos es el 871 712 00 66.<\/p>\n","protected":false},"excerpt":{"rendered":"<p>Torre\u00f3n, Coahuila. A 21 de abril de 2023. Personal de la Direcci\u00f3n de Protecci\u00f3n Civil y Bomberos de Torre\u00f3n, atendi\u00f3 elreporte de incendio de un pastizal al oriente de la ciudad, elementos de lacorporaci\u00f3n se encuentran en el lugar y reportan el siniestro como controlado. No se registra ninguna persona lesionada. Jorge Luis Ju\u00e1rez Llanas, titular de la dependencia, inform\u00f3 que el reporte fuerecibido el d\u00eda de hoy a las&#8230;<\/p>\n","protected":false},"author":1,"featured_media":14817,"comment_status":"closed","ping_status":"closed","sticky":false,"template":"","format":"standard","meta":{"footnotes":""},"categories":[5,28,7],"tags":[],"class_list":["post-14816","post","type-post","status-publish","format-standard","has-post-thumbnail","hentry","category-coahuila","category-la-laguna","category-torreon","wpcat-5-id","wpcat-28-id","wpcat-7-id"],"_links":{"self":[{"href":"https:\/\/www.aquilaguna.com\/index.php\/wp-json\/wp\/v2\/posts\/14816","targetHints":{"allow":["GET"]}}],"collection":[{"href":"https:\/\/www.aquilaguna.com\/index.php\/wp-json\/wp\/v2\/posts"}],"about":[{"href":"https:\/\/www.aquilaguna.com\/index.php\/wp-json\/wp\/v2\/types\/post"}],"author":[{"embeddable":true,"href":"https:\/\/www.aquilaguna.com\/index.php\/wp-json\/wp\/v2\/users\/1"}],"replies":[{"embeddable":true,"href":"https:\/\/www.aquilaguna.com\/index.php\/wp-json\/wp\/v2\/comments?post=14816"}],"version-history":[{"count":1,"href":"https:\/\/www.aquilaguna.com\/index.php\/wp-json\/wp\/v2\/posts\/14816\/revisions"}],"predecessor-version":[{"id":14818,"href":"https:\/\/www.aquilaguna.com\/index.php\/wp-json\/wp\/v2\/posts\/14816\/revisions\/14818"}],"wp:featuredmedia":[{"embeddable":true,"href":"https:\/\/www.aquilaguna.com\/index.php\/wp-json\/wp\/v2\/media\/14817"}],"wp:attachment":[{"href":"https:\/\/www.aquilaguna.com\/index.php\/wp-json\/wp\/v2\/media?parent=14816"}],"wp:term":[{"taxonomy":"category","embeddable":true,"href":"https:\/\/www.aquilaguna.com\/index.php\/wp-json\/wp\/v2\/categories?post=14816"},{"taxonomy":"post_tag","embeddable":true,"href":"https:\/\/www.aquilaguna.com\/index.php\/wp-json\/wp\/v2\/tags?post=14816"}],"curies":[{"name":"wp","href":"https:\/\/api.w.org\/{rel}","templated":true}]}}