{"id":14852,"date":"2023-04-24T18:39:37","date_gmt":"2023-04-25T00:39:37","guid":{"rendered":"https:\/\/www.aquilaguna.com\/?p=14852"},"modified":"2023-04-24T18:39:38","modified_gmt":"2023-04-25T00:39:38","slug":"supervisan-miguel-riquelme-y-roman-cepeda-skate-park-y-pozo-de-absorcion-en-torreon","status":"publish","type":"post","link":"https:\/\/www.aquilaguna.com\/index.php\/2023\/04\/24\/supervisan-miguel-riquelme-y-roman-cepeda-skate-park-y-pozo-de-absorcion-en-torreon\/","title":{"rendered":"SUPERVISAN MIGUEL RIQUELME Y ROM\u00c1N CEPEDA SKATE PARK Y POZO DE ABSORCI\u00d3N, EN TORRE\u00d3N."},"content":{"rendered":"\n<p>Torre\u00f3n, Coahuila de Zaragoza; a 24 de Abril de 2023.- El gobernador Miguel \u00c1ngel Riquelme Sol\u00eds acompa\u00f1\u00f3 al alcalde Rom\u00e1n Alberto Cepeda Gonz\u00e1lez en la supervisi\u00f3n de la construcci\u00f3n de la Explanada Skate Park y el pozo de absorci\u00f3n en la Plaza Provitec, en esta ciudad.<\/p>\n\n\n\n<p>El Mandatario estatal mencion\u00f3 que durante muchos a\u00f1os la falta de drenaje pluvial ha generado problemas, y reconoci\u00f3 que el Ayuntamiento de Torre\u00f3n resuelva esta problem\u00e1tica a\u00f1eja.<\/p>\n\n\n\n<p>Miguel Riquelme destac\u00f3 que el mantenimiento debe de ser constante, que la voluntad de resolver problemas es prioritaria.<\/p>\n\n\n\n<p>Asimismo, aplaudi\u00f3 el que los estadios de basquetbol, beisbol y futbol ayer estuvieron llenos, y que eso se debe valorar, igualmente el que existe seguridad.&nbsp;<\/p>\n\n\n\n<p>\u201cDejar\u00e9 bien sentadas las bases para que la din\u00e1mica que hoy tenemos en la Comarca Lagunera de desarrollo econ\u00f3mico, empleo y seguridad, contin\u00fae\u201d, puntualiz\u00f3.<\/p>\n\n\n\n<p>Riquelme Sol\u00eds destac\u00f3 que el que la inseguridad vaya disminuyendo es un avance muy importante.<\/p>\n\n\n\n<p>Rom\u00e1n Alberto Cepeda Gonz\u00e1lez, Alcalde de Torre\u00f3n inform\u00f3 que este pozo de absorci\u00f3n servir\u00e1 para tratar un tema hist\u00f3rico de Torre\u00f3n, que ten\u00eda m\u00e1s de 30 a\u00f1os de demanda.<\/p>\n\n\n\n<p>Por su parte, Juan Adolfo Von Bertrab, Director de Obras P\u00fablicas de Torre\u00f3n, coment\u00f3 que se hizo un diagn\u00f3stico para ver d\u00f3nde era que se juntaba el agua en estas colinas, y hoy va a escurrir durante la lluvia a los m\u00e1s de 9 mil metros c\u00fabicos para los que tiene capacidad este pozo.&nbsp;<\/p>\n\n\n\n<p>A esta supervisi\u00f3n acudieron, adem\u00e1s, Ver\u00f3nica Mart\u00ednez Garc\u00eda, senadora de la Rep\u00fablica; Antonio Guti\u00e9rrez Jard\u00f3n, diputado federal, y funcionarios p\u00fablicos estatales y municipales, as\u00ed como vecinos del sector.<\/p>\n","protected":false},"excerpt":{"rendered":"<p>Torre\u00f3n, Coahuila de Zaragoza; a 24 de Abril de 2023.- El gobernador Miguel \u00c1ngel Riquelme Sol\u00eds acompa\u00f1\u00f3 al alcalde Rom\u00e1n Alberto Cepeda Gonz\u00e1lez en la supervisi\u00f3n de la construcci\u00f3n de la Explanada Skate Park y el pozo de absorci\u00f3n en la Plaza Provitec, en esta ciudad. El Mandatario estatal mencion\u00f3 que durante muchos a\u00f1os la falta de drenaje pluvial ha generado problemas, y reconoci\u00f3 que el Ayuntamiento de Torre\u00f3n resuelva&#8230;<\/p>\n","protected":false},"author":1,"featured_media":14853,"comment_status":"closed","ping_status":"closed","sticky":false,"template":"","format":"standard","meta":{"footnotes":""},"categories":[32,5,15,28,7],"tags":[],"class_list":["post-14852","post","type-post","status-publish","format-standard","has-post-thumbnail","hentry","category-agua","category-coahuila","category-gobierno-de-coahuila","category-la-laguna","category-torreon","wpcat-32-id","wpcat-5-id","wpcat-15-id","wpcat-28-id","wpcat-7-id"],"_links":{"self":[{"href":"https:\/\/www.aquilaguna.com\/index.php\/wp-json\/wp\/v2\/posts\/14852","targetHints":{"allow":["GET"]}}],"collection":[{"href":"https:\/\/www.aquilaguna.com\/index.php\/wp-json\/wp\/v2\/posts"}],"about":[{"href":"https:\/\/www.aquilaguna.com\/index.php\/wp-json\/wp\/v2\/types\/post"}],"author":[{"embeddable":true,"href":"https:\/\/www.aquilaguna.com\/index.php\/wp-json\/wp\/v2\/users\/1"}],"replies":[{"embeddable":true,"href":"https:\/\/www.aquilaguna.com\/index.php\/wp-json\/wp\/v2\/comments?post=14852"}],"version-history":[{"count":1,"href":"https:\/\/www.aquilaguna.com\/index.php\/wp-json\/wp\/v2\/posts\/14852\/revisions"}],"predecessor-version":[{"id":14854,"href":"https:\/\/www.aquilaguna.com\/index.php\/wp-json\/wp\/v2\/posts\/14852\/revisions\/14854"}],"wp:featuredmedia":[{"embeddable":true,"href":"https:\/\/www.aquilaguna.com\/index.php\/wp-json\/wp\/v2\/media\/14853"}],"wp:attachment":[{"href":"https:\/\/www.aquilaguna.com\/index.php\/wp-json\/wp\/v2\/media?parent=14852"}],"wp:term":[{"taxonomy":"category","embeddable":true,"href":"https:\/\/www.aquilaguna.com\/index.php\/wp-json\/wp\/v2\/categories?post=14852"},{"taxonomy":"post_tag","embeddable":true,"href":"https:\/\/www.aquilaguna.com\/index.php\/wp-json\/wp\/v2\/tags?post=14852"}],"curies":[{"name":"wp","href":"https:\/\/api.w.org\/{rel}","templated":true}]}}