{"id":14929,"date":"2023-04-27T17:58:44","date_gmt":"2023-04-27T23:58:44","guid":{"rendered":"https:\/\/www.aquilaguna.com\/?p=14929"},"modified":"2023-04-27T17:58:45","modified_gmt":"2023-04-27T23:58:45","slug":"brinda-dif-coahuila-capacitacion-para-prevenir-quemaduras-en-ninas-ninos-y-adolescentes","status":"publish","type":"post","link":"https:\/\/www.aquilaguna.com\/index.php\/2023\/04\/27\/brinda-dif-coahuila-capacitacion-para-prevenir-quemaduras-en-ninas-ninos-y-adolescentes\/","title":{"rendered":"BRINDA DIF COAHUILA CAPACITACI\u00d3N PARA PREVENIR QUEMADURAS EN NI\u00d1AS, NI\u00d1OS Y ADOLESCENTES."},"content":{"rendered":"\n<p>Saltillo, Coahuila de Zaragoza; a 27 de Abril de 2023.- Al conmemorarse en nuestro pa\u00eds el D\u00eda Nacional de la Prevenci\u00f3n de Quemaduras en Ni\u00f1as, Ni\u00f1os y Adolescentes, Roberto C\u00e1rdenas Zavala, Director General del DIF Coahuila, se\u00f1al\u00f3 que esa instituci\u00f3n ofrece a las escuelas sus servicios de capacitaci\u00f3n para la prevenci\u00f3n de este tipo de accidentes.<\/p>\n\n\n\n<p>\u201cLa cultura de la prevenci\u00f3n es lo m\u00e1s importante, por lo que llevamos a las escuelas pl\u00e1ticas denominadas \u2018No te quemes\u2019, con las que se brinda a ni\u00f1as y ni\u00f1os informaci\u00f3n sobre c\u00f3mo evitar accidentes con quemaduras y qu\u00e9 hacer en una situaci\u00f3n de riesgo\u201d, destac\u00f3.<\/p>\n\n\n\n<p>C\u00e1rdenas Zavala apunt\u00f3 que de acuerdo a informaci\u00f3n publicada por el IMSS, en el caso de ni\u00f1as y ni\u00f1os de hasta un a\u00f1o de edad la mayor\u00eda de las lesiones por quemaduras ocurre en casa por l\u00edquidos calientes. Cuando los infantes aprenden a caminar, las heridas se presentan por la falta de protecci\u00f3n en los contactos de luz.<\/p>\n\n\n\n<p>Asimismo, dijo que entre los 4 y 5 a\u00f1os de edad las quemaduras tambi\u00e9n se presentan por flamazo y, en ocasiones, por fuegos pirot\u00e9cnicos.&nbsp;<\/p>\n\n\n\n<p>Desde los 10 a\u00f1os y en la adolescencia, por retos en redes sociales, por sustancias qu\u00edmicas o corrosivas y por corriente el\u00e9ctrica.<\/p>\n\n\n\n<p>C\u00e1rdenas Zavala advirti\u00f3 que este tipo de accidentes pueden ocasionar severas lesiones e incluso la muerte.<\/p>\n\n\n\n<p>En ese contexto, enfatiz\u00f3 la importancia de capacitar a ni\u00f1as, ni\u00f1os y adolescentes sobre c\u00f3mo prevenir este tipo de accidentes, haciendo un llamado a las escuelas a solicitar las capacitaciones que brinda del DIF Estatal a trav\u00e9s de sus coordinaciones regionales o al n\u00famero (844) 438 7373.<\/p>\n","protected":false},"excerpt":{"rendered":"<p>Saltillo, Coahuila de Zaragoza; a 27 de Abril de 2023.- Al conmemorarse en nuestro pa\u00eds el D\u00eda Nacional de la Prevenci\u00f3n de Quemaduras en Ni\u00f1as, Ni\u00f1os y Adolescentes, Roberto C\u00e1rdenas Zavala, Director General del DIF Coahuila, se\u00f1al\u00f3 que esa instituci\u00f3n ofrece a las escuelas sus servicios de capacitaci\u00f3n para la prevenci\u00f3n de este tipo de accidentes. \u201cLa cultura de la prevenci\u00f3n es lo m\u00e1s importante, por lo que llevamos a&#8230;<\/p>\n","protected":false},"author":1,"featured_media":14930,"comment_status":"closed","ping_status":"closed","sticky":false,"template":"","format":"standard","meta":{"footnotes":""},"categories":[5,26,15],"tags":[],"class_list":["post-14929","post","type-post","status-publish","format-standard","has-post-thumbnail","hentry","category-coahuila","category-dif","category-gobierno-de-coahuila","wpcat-5-id","wpcat-26-id","wpcat-15-id"],"_links":{"self":[{"href":"https:\/\/www.aquilaguna.com\/index.php\/wp-json\/wp\/v2\/posts\/14929","targetHints":{"allow":["GET"]}}],"collection":[{"href":"https:\/\/www.aquilaguna.com\/index.php\/wp-json\/wp\/v2\/posts"}],"about":[{"href":"https:\/\/www.aquilaguna.com\/index.php\/wp-json\/wp\/v2\/types\/post"}],"author":[{"embeddable":true,"href":"https:\/\/www.aquilaguna.com\/index.php\/wp-json\/wp\/v2\/users\/1"}],"replies":[{"embeddable":true,"href":"https:\/\/www.aquilaguna.com\/index.php\/wp-json\/wp\/v2\/comments?post=14929"}],"version-history":[{"count":1,"href":"https:\/\/www.aquilaguna.com\/index.php\/wp-json\/wp\/v2\/posts\/14929\/revisions"}],"predecessor-version":[{"id":14931,"href":"https:\/\/www.aquilaguna.com\/index.php\/wp-json\/wp\/v2\/posts\/14929\/revisions\/14931"}],"wp:featuredmedia":[{"embeddable":true,"href":"https:\/\/www.aquilaguna.com\/index.php\/wp-json\/wp\/v2\/media\/14930"}],"wp:attachment":[{"href":"https:\/\/www.aquilaguna.com\/index.php\/wp-json\/wp\/v2\/media?parent=14929"}],"wp:term":[{"taxonomy":"category","embeddable":true,"href":"https:\/\/www.aquilaguna.com\/index.php\/wp-json\/wp\/v2\/categories?post=14929"},{"taxonomy":"post_tag","embeddable":true,"href":"https:\/\/www.aquilaguna.com\/index.php\/wp-json\/wp\/v2\/tags?post=14929"}],"curies":[{"name":"wp","href":"https:\/\/api.w.org\/{rel}","templated":true}]}}