{"id":1496,"date":"2021-04-12T20:00:47","date_gmt":"2021-04-13T01:00:47","guid":{"rendered":"https:\/\/www.aquilaguna.com\/?p=1496"},"modified":"2021-04-12T20:00:47","modified_gmt":"2021-04-13T01:00:47","slug":"coahuila-se-prepara-para-superar-rezago-academico-provocado-por-pandemia","status":"publish","type":"post","link":"https:\/\/www.aquilaguna.com\/index.php\/2021\/04\/12\/coahuila-se-prepara-para-superar-rezago-academico-provocado-por-pandemia\/","title":{"rendered":"Coahuila se prepara para superar rezago acad\u00e9mico provocado por pandemia."},"content":{"rendered":"\n<p>Torre\u00f3n, Coahuila.- &#8221;Coahuila se prepara para enfrentar y superar\u00a0 el reto que el\u00a0 rezago acad\u00e9mico\u00a0 y los estragos \u00a0 emocionales\u00a0 gestados durante la pandemia del Covid-19\u00a0 gener\u00f3 al\u00a0 sistema\u00a0 educativo en general, siendo una de las primera acciones en este objetivo la vacunaci\u00f3n de todo el sector magisterial, publico y privado que\u00a0 participar en estas\u00a0 importantes tareas&#8221;.<\/p>\n\n\n\n<p>Lo anterior\u00a0 fue dado a conocer por el Gobernador\u00a0 del Estado, ingeniero Miguel\u00a0 Angel Riquelme Solis,\u00a0 al termino de la primera Sesi\u00f3n de trabajo y coordinaci\u00f3n de la Mesa\u00a0 de Trabajo creada exprofeso para atender tal tema, y en la que tiene participaci\u00f3n\u00a0 de todos y cada uno de los actores que tienen que ver con el mismo, \u00a0 y que ejecutar\u00e1 \u00a0 acciones en marcha\u00a0 bajo\u00a0 la impronta que establezca\u00a0 para el caso, el Sub Comit\u00e9 T\u00e9cnico para Covid-19 en esta comarca, operaci\u00f3n que se habr\u00e1 de replicarse seg\u00fan establezcan los\u00a0 restantes Subcomit\u00e9s t\u00e9cnicos en cada una de las regiones de Coahuila.\u00a0<\/p>\n\n\n\n<p>Indic\u00f3\u00a0 que en cada una de las regiones\u00a0 del\u00a0 Estado habr\u00e1n de conformarse un Grupo de trabajo para el tema de educaci\u00f3n y otro mas, para el seguimiento\u00a0 de la reactivaci\u00f3n\u00a0 econ\u00f3mica, de los que habr\u00e1 de desprenderse otros trabajos.<\/p>\n\n\n\n<p>&#8221;No hemos terminado con la materia, seguimos\u00a0 con el proceso de vacunaci\u00f3n y seg\u00fan reporte de las doce, Coahuila registra 37 contagios positivos de Covid-19 y \u00a0 se suman porque se actualiza , la suma de decesos\u00a0 31 defunciones, cifra acumulada en las ultimas semanas&#8221;.<\/p>\n\n\n\n<p>Mas adelante, preguntado sobre la exploraci\u00f3n que\u00a0 este mismo d\u00eda realizan algunos planteles de la Unidad Torre\u00f3n de la\u00a0 la UAdeC\u00a0 de cara a una posible reanudaci\u00f3n de clases presenciales,\u00a0 \u00a0 expreso que la Universidad p\u00fablica\u00a0 ha quedado integrada ya la Mesa de Trabajo sobre el tema, en el cual participan todos los actores que tienen que ver con el tema educativo.<\/p>\n\n\n\n<p>Indic\u00f3 que\u00a0 ya hab\u00eda dialogado con el Rector Salvador Hern\u00e1ndez Velez, &#8221;y ellos hacia el interior est\u00e1n explorando \u00a0 en sus instituciones\u00a0 y querr\u00eda presentarnos un protocolo extraordinario para reanudar la educaci\u00f3n presencial&#8221;.<\/p>\n\n\n\n<p>Esto, afirm\u00f3, &#8221;va de la mano con lo que hoy estamos haciendo. Ya las reglas claras que pone la entidad para el formato presencial se va a analizar en el Grupo de Trabajo y van a ser aprobadas por el Subcomit\u00e9, incluyendo la UAC&#8221;.<\/p>\n\n\n\n<p>En la parte de Salud,&nbsp; la autonom\u00eda de la UAC &nbsp; se sujetara a los protocolos que en&nbsp; materia de salud se van a&nbsp; establecer.<\/p>\n\n\n\n<p>&#8221;Ellos est\u00e1n experimentando hacia\u00a0 su\u00a0 interior, cual va a ser su formato de salida y lo van a presentar al Grupo de trabajo\u00a0 y que a mi, me urge&#8221;.<\/p>\n\n\n\n<p>&#8221;Hoy les dec\u00eda que hay una demanda de mano de obra calificada\u00a0 en la entidad, que sigue habiendo reapertura de negocios, empresas y empleos, solicitudes de mano de obra por las empresas que van llegando y\u00a0 que no podemos detener, que hasta hoy ha hecho competitivo a nuestro Estado&#8221;.<\/p>\n\n\n\n<p>&#8221;Hoy analizamos y parte de lo que la dirigencia sindical plante\u00f3 es el acercamiento del maestro con los padres de familia y de ah\u00ed, tambi\u00e9n poder tener nosotros la ayuda necesaria, psicol\u00f3gica,\u00a0 que nos permita enfrentar el problema de salud en la parte emocional y y los efectos que provoc\u00f3 la pandemia en algunas familias&#8221;.<\/p>\n\n\n\n<p>Expreso que, &#8221;no se puede olvidar que ah\u00ed, vamos a tener lamentablemente impactos\u00a0 entre los que perdieron alg\u00fan familiar por Covid y que tambi\u00e9n tuvieron efectos secundarios al tener la falta de un ser querido con consecuencias \u00a0 posteriores, hasta en lo econ\u00f3mico, pero en el aspecto emocional tendremos que trabajar y eso fueron planteados\u00a0 hoy por las dirigencias sindicales que estuvieron presentes&#8221;.\u00a0<\/p>\n\n\n\n<p>Lo anterior, dijo\u00a0 el Gobernador Riquelme Solis, &#8221;permitir\u00e1 concretar acciones, salir firmes y no dar pasos en falso&#8221;, reiterando que, &#8221;el retorno a la educaci\u00f3n presencial, ser\u00e1  cuando estemos listos&#8221;.<\/p>\n","protected":false},"excerpt":{"rendered":"<p>Torre\u00f3n, Coahuila.- &#8221;Coahuila se prepara para enfrentar y superar\u00a0 el reto que el\u00a0 rezago acad\u00e9mico\u00a0 y los estragos \u00a0 emocionales\u00a0 gestados durante la pandemia del Covid-19\u00a0 gener\u00f3 al\u00a0 sistema\u00a0 educativo en general, siendo una de las primera acciones en este objetivo la vacunaci\u00f3n de todo el sector magisterial, publico y privado que\u00a0 participar en estas\u00a0 importantes tareas&#8221;. Lo anterior\u00a0 fue dado a conocer por el Gobernador\u00a0 del Estado, ingeniero Miguel\u00a0&#8230;<\/p>\n","protected":false},"author":2,"featured_media":0,"comment_status":"closed","ping_status":"","sticky":false,"template":"","format":"standard","meta":{"footnotes":""},"categories":[5,9,15,7],"tags":[],"class_list":["post-1496","post","type-post","status-publish","format-standard","hentry","category-coahuila","category-educacion","category-gobierno-de-coahuila","category-torreon","wpcat-5-id","wpcat-9-id","wpcat-15-id","wpcat-7-id"],"_links":{"self":[{"href":"https:\/\/www.aquilaguna.com\/index.php\/wp-json\/wp\/v2\/posts\/1496","targetHints":{"allow":["GET"]}}],"collection":[{"href":"https:\/\/www.aquilaguna.com\/index.php\/wp-json\/wp\/v2\/posts"}],"about":[{"href":"https:\/\/www.aquilaguna.com\/index.php\/wp-json\/wp\/v2\/types\/post"}],"author":[{"embeddable":true,"href":"https:\/\/www.aquilaguna.com\/index.php\/wp-json\/wp\/v2\/users\/2"}],"replies":[{"embeddable":true,"href":"https:\/\/www.aquilaguna.com\/index.php\/wp-json\/wp\/v2\/comments?post=1496"}],"version-history":[{"count":1,"href":"https:\/\/www.aquilaguna.com\/index.php\/wp-json\/wp\/v2\/posts\/1496\/revisions"}],"predecessor-version":[{"id":1497,"href":"https:\/\/www.aquilaguna.com\/index.php\/wp-json\/wp\/v2\/posts\/1496\/revisions\/1497"}],"wp:attachment":[{"href":"https:\/\/www.aquilaguna.com\/index.php\/wp-json\/wp\/v2\/media?parent=1496"}],"wp:term":[{"taxonomy":"category","embeddable":true,"href":"https:\/\/www.aquilaguna.com\/index.php\/wp-json\/wp\/v2\/categories?post=1496"},{"taxonomy":"post_tag","embeddable":true,"href":"https:\/\/www.aquilaguna.com\/index.php\/wp-json\/wp\/v2\/tags?post=1496"}],"curies":[{"name":"wp","href":"https:\/\/api.w.org\/{rel}","templated":true}]}}