{"id":1502,"date":"2021-04-12T20:24:22","date_gmt":"2021-04-13T01:24:22","guid":{"rendered":"https:\/\/www.aquilaguna.com\/?p=1502"},"modified":"2021-04-12T20:24:22","modified_gmt":"2021-04-13T01:24:22","slug":"suspenden-paro-de-labores-en-clinicas-del-imss","status":"publish","type":"post","link":"https:\/\/www.aquilaguna.com\/index.php\/2021\/04\/12\/suspenden-paro-de-labores-en-clinicas-del-imss\/","title":{"rendered":"Suspenden paro de labores en cl\u00ednicas del IMSS."},"content":{"rendered":"\n<p>Torre\u00f3n, Coahuila.-\u00a0 En suspenso quedo el anunciado\u00a0 paro de labores que grupos de trabajadores\u00a0 pertenecientes a la Secci\u00f3n XII\u00a0 del Sindicato Nacional\u00a0 de Trabajadores del IMSS\u00a0 que previo hab\u00edan dado a conocer que llevar\u00edan a cabo \u00a0 este d\u00eda, como protesta y presi\u00f3n\u00a0 para que el personal\u00a0 no m\u00e9dico\u00a0 y de enfermer\u00eda que labora en sus\u00a0 instalaciones\u00a0 que no fueron seleccionados para su vacunaci\u00f3n,\u00a0 les sea suministrado tal ant\u00edgeno\u00a0 contra el COVID, tras haber sido persuadidos de \u00a0 no realizar tal acci\u00f3n bajo la promesa de que su demanda ser\u00eda atendida en d\u00edas pr\u00f3ximos.<\/p>\n\n\n\n<p>Lo anterior \u00a0 trascendi\u00f3 \u00a0 entre  el personal no m\u00e9dico que\u00a0 labora en \u00e1reas no exclusivas de Covid-19, pero que\u00a0 prestan sus servicios a los derechohabientes que ah\u00ed acuden  en las \u00e1reas de atenci\u00f3n al publico, enfermer\u00eda,\u00a0 limpieza, \u00a0 en las diversas\u00a0 unidades\u00a0 del\u00a0 IMSS en \u00e9sta ciudad.<\/p>\n\n\n\n<p>En las\u00a0 instalaciones \u00a0 de la Cl\u00ednica\u00a0 71, fue posible observar la presencia\u00a0 \u00a0 en todos y cada uno de los accesos a\u00a0 esa concurrida\u00a0 unidad hospitalaria\u00a0 al\u00a0 igual que los de la Cl\u00ednica\u00a0 16 aleda\u00f1a a esta y la 18\u00a0 ubicada sobre el Bulevar Revoluci\u00f3n cuadras mas distante, se pod\u00edan observar elementos de la Guardia Nacional, armas en mano, custodiando tales\u00a0 accesos.<\/p>\n\n\n\n<p>En recorrido\u00a0 realizado esta ma\u00f1ana\u00a0 las\u00a0 actividades que ah\u00ed se prestan, tales como \u00a0 urgencias, \u00a0 laboratorios,\u00a0 internamientos, consultas,\u00a0 funciones administrativas, \u00a0 citas, etc.,\u00a0 parec\u00edan normales\u00a0 y se realizaban bajo la mirada atenta de los derechohabientes\u00a0 que abarrotaban los espacios que a ellos se les destina en este nosocomio.<\/p>\n\n\n\n<p>En especial\u00a0 luc\u00eda\u00a0 totalmente abarrotada, el \u00e1rea destinada a la atenci\u00f3n de citas para pacientes de oncolog\u00eda, as\u00ed como la\u00a0 \u00e1rea aleda\u00f1a a \u00e9sta, destinada a \u00a0 radiolog\u00eda.\u00a0<\/p>\n\n\n\n<p>Ah\u00ed fue posible recabar las versiones de que\u00a0 los trabajadores que participaban\u00a0 en esta fallida rebeli\u00f3n\u00a0 pro vacunaci\u00f3n de todo el personal que ah\u00ed presta sus servicios,\u00a0 sean o no elementos de la primera linea de combate contra el Covid, hab\u00edan\u00a0 sido persuadidos por sus dirigentes a tener mas paciencia, toda vez que se les prometi\u00f3 que\u00a0 su demanda ser\u00e1 atendida los pr\u00f3ximos d\u00edas.\u00a0<\/p>\n\n\n\n<p>Con este acuerdo, declinaron realizar el paro de labores anunciado.<\/p>\n","protected":false},"excerpt":{"rendered":"<p>Torre\u00f3n, Coahuila.-\u00a0 En suspenso quedo el anunciado\u00a0 paro de labores que grupos de trabajadores\u00a0 pertenecientes a la Secci\u00f3n XII\u00a0 del Sindicato Nacional\u00a0 de Trabajadores del IMSS\u00a0 que previo hab\u00edan dado a conocer que llevar\u00edan a cabo \u00a0 este d\u00eda, como protesta y presi\u00f3n\u00a0 para que el personal\u00a0 no m\u00e9dico\u00a0 y de enfermer\u00eda que labora en sus\u00a0 instalaciones\u00a0 que no fueron seleccionados para su vacunaci\u00f3n,\u00a0 les sea suministrado tal ant\u00edgeno\u00a0 contra&#8230;<\/p>\n","protected":false},"author":2,"featured_media":0,"comment_status":"closed","ping_status":"","sticky":false,"template":"","format":"standard","meta":{"footnotes":""},"categories":[5,4,28,7,22],"tags":[],"class_list":["post-1502","post","type-post","status-publish","format-standard","hentry","category-coahuila","category-covid","category-la-laguna","category-torreon","category-vacunas","wpcat-5-id","wpcat-4-id","wpcat-28-id","wpcat-7-id","wpcat-22-id"],"_links":{"self":[{"href":"https:\/\/www.aquilaguna.com\/index.php\/wp-json\/wp\/v2\/posts\/1502","targetHints":{"allow":["GET"]}}],"collection":[{"href":"https:\/\/www.aquilaguna.com\/index.php\/wp-json\/wp\/v2\/posts"}],"about":[{"href":"https:\/\/www.aquilaguna.com\/index.php\/wp-json\/wp\/v2\/types\/post"}],"author":[{"embeddable":true,"href":"https:\/\/www.aquilaguna.com\/index.php\/wp-json\/wp\/v2\/users\/2"}],"replies":[{"embeddable":true,"href":"https:\/\/www.aquilaguna.com\/index.php\/wp-json\/wp\/v2\/comments?post=1502"}],"version-history":[{"count":1,"href":"https:\/\/www.aquilaguna.com\/index.php\/wp-json\/wp\/v2\/posts\/1502\/revisions"}],"predecessor-version":[{"id":1503,"href":"https:\/\/www.aquilaguna.com\/index.php\/wp-json\/wp\/v2\/posts\/1502\/revisions\/1503"}],"wp:attachment":[{"href":"https:\/\/www.aquilaguna.com\/index.php\/wp-json\/wp\/v2\/media?parent=1502"}],"wp:term":[{"taxonomy":"category","embeddable":true,"href":"https:\/\/www.aquilaguna.com\/index.php\/wp-json\/wp\/v2\/categories?post=1502"},{"taxonomy":"post_tag","embeddable":true,"href":"https:\/\/www.aquilaguna.com\/index.php\/wp-json\/wp\/v2\/tags?post=1502"}],"curies":[{"name":"wp","href":"https:\/\/api.w.org\/{rel}","templated":true}]}}