{"id":15034,"date":"2023-05-04T18:12:07","date_gmt":"2023-05-05T00:12:07","guid":{"rendered":"https:\/\/www.aquilaguna.com\/?p=15034"},"modified":"2023-05-04T18:12:07","modified_gmt":"2023-05-05T00:12:07","slug":"con-el-respaldo-de-la-federacion-durango-se-posicionara-en-los-primeros-5-lugares-de-calidad-educativa","status":"publish","type":"post","link":"https:\/\/www.aquilaguna.com\/index.php\/2023\/05\/04\/con-el-respaldo-de-la-federacion-durango-se-posicionara-en-los-primeros-5-lugares-de-calidad-educativa\/","title":{"rendered":"CON EL RESPALDO DE LA FEDERACI\u00d3N, DURANGO SE POSICIONAR\u00c1 EN LOS PRIMEROS 5 LUGARES DE CALIDAD EDUCATIVA."},"content":{"rendered":"\n<p>Comarca Lagunera.- Tras la presentaci\u00f3n del Programa Educativo Durango 2023-<br>2028 ante la secretaria de Educaci\u00f3n P\u00fablica, Leticia Ram\u00edrez Amaya, se tiene la<br>certeza de que, con el respaldo del gobierno Federal, el gobierno encabezado por<br>Esteban Villegas Villarreal, posicionar\u00e1 a Durango en los primeros cinco lugares<br>de calidad educativa, asegur\u00f3 esta ma\u00f1ana el titular de la Secretar\u00eda de Educaci\u00f3n<br>en el Estado, Jos\u00e9 Guillermo Adame Calder\u00f3n, en su visita de trabajo por la<br>Laguna.<\/p>\n\n\n\n<p>Destac\u00f3, que en el documento se plasmaron los principales compromisos que el<br>gobierno de Esteban Villegas Villarreal realizar\u00e1 con la ciudadan\u00eda en general;<br>pero principalmente, con los m\u00e1s de medio mill\u00f3n de alumnos de todo el estado y<br>los 700 mil padres de familia que conforman la comunidad educativa de la entidad.<\/p>\n\n\n\n<p>Adame Calder\u00f3n explic\u00f3 que el Programa Educativo Durango 2023-2028<br>comprende 5 ejes prioritarios: Educaci\u00f3n Integral e Inclusiva, Aprendizajes para la<br>Vida y Sostenibilidad, Resignificaci\u00f3n del Magisterio y los Trabajadores de la<br>Educaci\u00f3n, Ciencia, Tecnolog\u00eda e innovaci\u00f3n y reordenamiento administrativo.<\/p>\n\n\n\n<p>\u201cEl programa se desarrolla pr\u00e1cticamente en cinco ejes prioritarios, 28 l\u00edneas<br>tem\u00e1ticas y 50 l\u00edneas estrat\u00e9gicas donde plasmamos el compromiso que<br>queremos hacer con la sociedad de Durango\u201d, puntualiz\u00f3 el secretario.<\/p>\n\n\n\n<p>Destac\u00f3, que el Programa Educativo es un documento perfectible, producto de<br>muchas consultas por todo el estado, con la participaci\u00f3n de especialistas en<br>educaci\u00f3n, maestros, supervisores escolares y jefes de sector.<\/p>\n\n\n\n<p>Por \u00faltimo, mencion\u00f3, que derivado de este programa se efectuar\u00e1n acciones<br>como: El esquema de aulas virtuales, mochila segura, aunado con las casi 12 mil<br>pl\u00e1ticas que pondr\u00e1n en marcha con padres de familia, adem\u00e1s del inicio del<br>programa para erradicar o disminuir problemas de violencia escolar, combate a las<br>drogas, programas de formaci\u00f3n docente; a trav\u00e9s de maestr\u00edas, doctorados,<br>cursos de capacitaci\u00f3n y todo lo que se deriva del Programa Educativo 2023-2028.<\/p>\n","protected":false},"excerpt":{"rendered":"<p>Comarca Lagunera.- Tras la presentaci\u00f3n del Programa Educativo Durango 2023-2028 ante la secretaria de Educaci\u00f3n P\u00fablica, Leticia Ram\u00edrez Amaya, se tiene lacerteza de que, con el respaldo del gobierno Federal, el gobierno encabezado porEsteban Villegas Villarreal, posicionar\u00e1 a Durango en los primeros cinco lugaresde calidad educativa, asegur\u00f3 esta ma\u00f1ana el titular de la Secretar\u00eda de Educaci\u00f3nen el Estado, Jos\u00e9 Guillermo Adame Calder\u00f3n, en su visita de trabajo por laLaguna. Destac\u00f3,&#8230;<\/p>\n","protected":false},"author":1,"featured_media":15035,"comment_status":"closed","ping_status":"closed","sticky":false,"template":"","format":"standard","meta":{"footnotes":""},"categories":[40,9,64,31],"tags":[],"class_list":["post-15034","post","type-post","status-publish","format-standard","has-post-thumbnail","hentry","category-durango","category-educacion","category-gobierno-de-durango","category-gobierno-federal","wpcat-40-id","wpcat-9-id","wpcat-64-id","wpcat-31-id"],"_links":{"self":[{"href":"https:\/\/www.aquilaguna.com\/index.php\/wp-json\/wp\/v2\/posts\/15034","targetHints":{"allow":["GET"]}}],"collection":[{"href":"https:\/\/www.aquilaguna.com\/index.php\/wp-json\/wp\/v2\/posts"}],"about":[{"href":"https:\/\/www.aquilaguna.com\/index.php\/wp-json\/wp\/v2\/types\/post"}],"author":[{"embeddable":true,"href":"https:\/\/www.aquilaguna.com\/index.php\/wp-json\/wp\/v2\/users\/1"}],"replies":[{"embeddable":true,"href":"https:\/\/www.aquilaguna.com\/index.php\/wp-json\/wp\/v2\/comments?post=15034"}],"version-history":[{"count":1,"href":"https:\/\/www.aquilaguna.com\/index.php\/wp-json\/wp\/v2\/posts\/15034\/revisions"}],"predecessor-version":[{"id":15036,"href":"https:\/\/www.aquilaguna.com\/index.php\/wp-json\/wp\/v2\/posts\/15034\/revisions\/15036"}],"wp:featuredmedia":[{"embeddable":true,"href":"https:\/\/www.aquilaguna.com\/index.php\/wp-json\/wp\/v2\/media\/15035"}],"wp:attachment":[{"href":"https:\/\/www.aquilaguna.com\/index.php\/wp-json\/wp\/v2\/media?parent=15034"}],"wp:term":[{"taxonomy":"category","embeddable":true,"href":"https:\/\/www.aquilaguna.com\/index.php\/wp-json\/wp\/v2\/categories?post=15034"},{"taxonomy":"post_tag","embeddable":true,"href":"https:\/\/www.aquilaguna.com\/index.php\/wp-json\/wp\/v2\/tags?post=15034"}],"curies":[{"name":"wp","href":"https:\/\/api.w.org\/{rel}","templated":true}]}}