{"id":15073,"date":"2023-05-07T20:30:58","date_gmt":"2023-05-08T02:30:58","guid":{"rendered":"https:\/\/www.aquilaguna.com\/?p=15073"},"modified":"2023-05-07T20:30:58","modified_gmt":"2023-05-08T02:30:58","slug":"aqui-laguna-226","status":"publish","type":"post","link":"https:\/\/www.aquilaguna.com\/index.php\/2023\/05\/07\/aqui-laguna-226\/","title":{"rendered":"Aqu\u00ed Laguna."},"content":{"rendered":"\n<p>\u00a1Firme\u00a0 y en ascenso!\u00a0 Avanza \u00a0hacia el \u00faltimo tramo de la campa\u00f1a electoral que se vive en Coahuila, la que corre a cargo del candidato de la denominada e in\u00e9dita Alianza\u00a0 Ciudadana\u00a0 por la Seguridad, as\u00ed lo expresan no solo los opinadores tradicionales, sino tambi\u00e9n las fr\u00edas cifras que arrojan la encuestas a cargo,\u00a0 no solo las\u00a0 que a &#8220;modo&#8221; realizan\u00a0 obvio,\u00a0 tirios y troyanos\u00a0 sino de organismos\u00a0&#8220;apartidistas&#8221;, que se\u00a0 dicen ajenos\u00a0 a inter\u00e9s alguno sobre sus resultados. Y vaya capital que\u00a0 genera aquello de &#8220;juventud, divino tesoro&#8221;, si advertimos que la generaci\u00f3n de relevo, que hoy constituye un importante segmento\u00a0 de la poblaci\u00f3n coahuilense,\u00a0 y que suma\u00a0 importantes n\u00fameros en\u00a0 los\u00a0 espacios de\u00a0 listado nominal\u00a0 de quienes\u00a0 est\u00e1n en condiciones de emitir su voto el primer domingo de junio,\u00a0 Manolo\u00a0 Jim\u00e9nez Salinas quien\u00a0 va en caballo de a hacienda,\u00a0 sin que la lluvia de &#8220;corcholatas&#8221; que anuncian visita a estas tierras\u00a0 represente pues\u00a0 tal placeo forma parte de la otra estrategia, \u00a0 que les\u00a0 ha impuesto su &#8220;destapador&#8221; AMLO, \u00a0 y que \u00a0 en marcha este mismo fin de semana, inici\u00f3\u00a0 el \u00a0 hamletiano \u00a0 Ricardo Monreal y que\u00a0 luego cual cascada \u00a0 realizar\u00e1n lo propio en los pr\u00f3ximos d\u00edas, sus contrincantes\u00a0 Claudia Sheinbaum, Ad\u00e1n Augusto\u00a0 L\u00f3pez y\u00a0 Marcelo Ebrard, sin que ninguno\u00a0 de estos\u00a0 represente aliento alguno que ponga en condiciones de mejorar\u00a0 pelea al candidato \u00a0 de la 4T &#8220;aut\u00e9ntico&#8221;, es decir\u00a0 al candidato &#8220;Peso Pluma&#8221;, -eso\u00a0 pesa\u00a0 en las encuestas con todo bigote y sombrero- Armando\u00a0 Guadiana Tijerina\u00a0 que desperdici\u00f3 el tiempo de arranque y consolidaci\u00f3n de campa\u00f1a\u00a0 gastando su p\u00f3lvora en\u00a0 los infiernitos que le generaba el encono, el odio\u00a0 que\u00a0 se anida en la ambici\u00f3n del candidato\u00a0 de la 4T &#8220;pirata&#8221;, \u00a0 es decir del \u00a0 felino\u00a0 extraviado Ricardo Mej\u00eda Berdeja y as\u00ed agotar\u00e1n ambos \u00a0 el resto del ya escaso tiempo que \u00a0 resta\u00a0 para dar fin al periodo\u00a0 que  las leyes electorales destina para estos menesteres.<\/p>\n\n\n\n<p>De ah\u00ed que volviendo a este fin de semana en la Laguna, diremos que los realizados el pasado s\u00e1bado, primero por la ma\u00f1ana y el el Centro de Convenciones\u00a0 Manolo Jim\u00e9nez\u00a0 sostuvo un di\u00e1logo con grupos de\u00a0 mujeres que encabezan o luchan desde sus trincheras,\u00a0 algunas de manera por causas, no solo estrictamente\u00a0 del inter\u00e9s femenino, sino en el de\u00a0 recalcar, enfatizar la perspectiva de G\u00e9nero\u00a0 en cada uno de los temas\u00a0 abordados, como son el acceso a la justicia\u00a0 expedita, a la educaci\u00f3n, a la protecci\u00f3n\u00a0 especial a poblaci\u00f3n vulnerable que incluya la atenci\u00f3n\u00a0a vejez\u00a0 y discapacitados, a la salud\u00a0 no solo f\u00edsica, sino tambi\u00e9n a\u00a0 la mental\u00a0 cual nueva\u00a0 y silenciosa, pero letal pandemia\u00a0 entre\u00a0 muchas otras, pero que tuvo especial\u00a0 relieve la demanda de \u00a0 posibilitar el acceso de la mujer a la econom\u00eda, esa que genera\u00a0 ingreso, para poder hacer\u00a0 tangible lo propuesto hace ya m\u00e1s de cien a\u00f1os por la inglesa Virginia Woolf en su obra &#8220;Una Habitaci\u00f3n Propia&#8221;, es decir generar o &#8220;facturar&#8221;\u00a0 el ingreso propio\u00a0 como herramienta indispensable para alcanzar una libertad plena, as\u00ed como la demanda\u00a0 de acceso a la econom\u00eda formal,  o informal, seg\u00fan sea el caso. Por ahi se registr\u00f3 la participaci\u00f3n de j\u00f3venes mujeres, vanguardia de la generaci\u00f3n presente,\u00a0 talentosos y comprometidas\u00a0 no solo con su G\u00e9nero, sino\u00a0 con Valores y Principios, Compromiso con la Vida, y que en esta ocasi\u00f3n tuvo en la se\u00f1ora Cecilia Marroqu\u00edn de \u00a0 Murra\u00a0 \u00a0 una aut\u00e9ntica representante.<\/p>\n\n\n\n<p>Alto pues el list\u00f3n que las laguneras le colocaron\u00a0 al aspirante a Gobernador, y quien\u00a0 deber\u00e1 cumplir en su mayor\u00eda las demandas presentadas \u00a0 para contar con su apoyo en lo m\u00e1s dif\u00edcil del tramo vital\u00a0 que ahora enfrenta, que\u00a0 no es solo ganar, sino\u00a0 mantener la confianza que ahora le manifestaron\u00a0 las mujeres&#8230;<\/p>\n\n\n\n<p>Por cierto el acto masivo \u00a0 tuvo como convocante y organizadora, \u00a0 a la se\u00f1ora Liliana Salinas,\u00a0 que sum\u00f3\u00a0 as\u00ed a la\u00a0 simpat\u00eda de las f\u00e9minas, la de\u00a0 cientos \u00a0 de \u00a0 j\u00f3venes que se identifican, por razones \u00a0 no solo generacionales\u00a0 sino por las\u00a0 expectativas\u00a0 y esperanzas que ha logrado generar a quienes no solo habitan la realidad virtual, sino fuera de ella\u00a0 y\u00a0 entre otros fen\u00f3menos de comunicaci\u00f3n y modos de vida que los nuevos tiempos y tecnolog\u00edas, entre otros muy diversos saldos\u00a0 est\u00e1n generando por ahora.<\/p>\n\n\n\n<p>Por la tarde, el remozado Coliseo Centenario\u00a0 fue la sede\u00a0 del encuentro masivo entre militancia y simpatizantes de los tres organismos partidistas que conforman la Alianza Ciudadana;\u00a0 Alito Moreno cuya presencia por estas tierras fuera detectada desde hac\u00eda muchas horas antes, d\u00edas atr\u00e1s por\u00a0 decirlo, de\u00a0Marko Cort\u00e9s y Jes\u00fas \u00a0 Zambrano, \u00a0enfrentaron\u00a0 la presencia y entusiasmo de los\u00a0 militantes y simpatizantes de la Alianza Ciudadana por la Seguridad, concentrados, valga la redundancia, en el redondel\u00a0 habilitado\u00a0 de tal\u00a0 escenario en la calurosa\u00a0 tarde de esta feneciente primavera\u00a0 que casi empataba en grados, al conocido\u00a0 calor\u00a0 humano\u00a0 lagunero. Ah\u00ed\u00a0 Manolo Jim\u00e9nez Salinas \u00a0 solicit\u00f3 de manera modesta el apoyo de los asistentes y m\u00e1s, para alcanzar el triunfo que con todo y esperado, queda aun a 25 d\u00edas de distancia\u00a0 \u00a0 pues prudente\u00a0 se mantiene alerta\u00a0 en eso de conservar y aumentar la ventaja\u00a0 que ahora registra sobre sus contrincantes.<\/p>\n\n\n\n<p>Y en tanto m\u00e1s que discreta, a los integrantes de su War Room\u00a0 que dicen est\u00e1 a cargo de Oscar Pimentel Gonz\u00e1lez, con todo y quien opere desde las sombras, cual debe de ser. Por cierto, no se conoce a\u00fan,\u00a0 si con este acto, se cierra su campa\u00f1a de modo masivo, o bien\u00a0 est\u00e1 en el tintero un acto &#8220;monstruo&#8221; en alg\u00fan lugar del Estado,\u00a0 que en principio\u00a0 pudiera realizarse en la ciudad capital como cierre de la misma, toda vez que\u00a0 ante el\u00a0 tiempo que se agota,\u00a0 toda la m\u00e1quina electoral tendr\u00e1 como prioridad el la organizaci\u00f3n de la jornada electoral. Ya sabremos de ello,\u00a0 su cuando y su donde\u2026<\/p>\n\n\n\n<p>Y en cuanto a las cam\u1e55a\u00f1as\u00a0 que por tierra y aire, seg\u00fan dicen deber\u00e1n estar realizando los candidatos propuestos por los partidos contendientes a alguno de los 16\u00a0 cargos de mayor\u00eda en disputa\u00a0 en el Congreso estatal, poco o nada se sabe,\u00a0 mas all\u00e1 de las\u00a0 fotograf\u00edas espectaculares cobijadas con los logotipos de\u00a0 sus partidos\u00a0 que algunos han hecho colgar de\u00a0 altas azoteas de edificaciones aleda\u00f1os a las principales v\u00edas de comunicaci\u00f3n, y solo eso, pues no se registra presencia alguna, ni tan solo en los hoy\u00a0 socorridos\u00a0 mercados populares, fayucas, que\u00a0 han hecho sus puntos de encuentro el ciudadano favorito por algunos de estos &#8220;pol\u00edticos&#8221;, muchos de ellos de mera ocasi\u00f3n. Ya no se diga del\u00a0 partido que como oferta electoral \u00fanica, es &#8220;la felicidad&#8221;\u00a0 o &#8220;la alegr\u00eda&#8221;, como si estas se embotellaran,\u00a0 y se enviaran a domicilio,\u00a0 muchos andan m\u00e1s que\u00a0&#8220;hu\u00e9rfanos&#8221; pues ya se sabe y contra\u00a0 lo que dice su propaganda, su presencia en Coahuila no les dio ni tan solo \u00a0 para\u00a0 presentar o contratar candidato\u00a0 al Gobierno del\u00a0 Estado.<\/p>\n\n\n\n<p>Mientras que otros como son los de MORENA, andan\u00a0 inundando los domicilios de los barrios y colonias donde el consumo de huevo\u00a0 constituye casi o el total de proteina en su \u00a0 dieta familiar,\u00a0 para &#8220;enhuevarlos&#8221; y asegurar sobre tan fr\u00e1gil consumo de producto de gallina, su voto&#8230;<\/p>\n\n\n\n<p>Y\u00a0 vaya, que finalmente\u00a0 se anunci\u00f3\u00a0 el pasado 5 de mayo\u00a0 el establecimiento de Cotsco en Torre\u00f3n,\u00a0 la empresa cuyas tiendas, dicen, satisfacen\u00a0 pretensiones aspiracionistas de\u00a0 la \u00e9lite de la poblaci\u00f3n donde se ubican, es decir la que se presume tiene la mayor capacidad de compra de bienes y servicios que ah\u00ed se ofrecen. En el \u00e1mbito de la econom\u00eda y sus\u00a0 Indicadores tal arribo le otorga un nuevo plus a la ciudad, pues al parecer los laguneros\u00a0 ha rebasado\u00a0 los altos est\u00e1ndares de ingreso per c\u00e1pita que tal\u00a0 empresa requiere\u00a0 como condici\u00f3n para\u00a0 definir la ubicaci\u00f3n de uno de sus comercios. Bienvenida pues, a apretar el paso, ponerse las pilas y modernizar sistemas y oferta de productos al resto de las ya establecidas tiendas de\u00a0 autoconsumo\u00a0 existentes y que son varias, no solo la\u00a0 nacida en estas tierras\u00a0 en esta regi\u00f3n, pues la competencia llega\u00a0 y es fuerte&#8230;<\/p>\n\n\n\n<p>Y todo se encuentra ya dispuesto, un a\u00f1o mas para las celebraciones dom\u00e9sticas del D\u00eda de la Madres,\u00a0 que algunos c\u00ednicos, que los hay, califican\u00a0 tal\u00a0 celebraci\u00f3n como el &#8220;d\u00eda nacional de la culpa&#8221;. Con todo y ello, feliz celebraci\u00f3n o conmemoraci\u00f3n seg\u00fan sea el caso.<\/p>\n","protected":false},"excerpt":{"rendered":"<p>\u00a1Firme\u00a0 y en ascenso!\u00a0 Avanza \u00a0hacia el \u00faltimo tramo de la campa\u00f1a electoral que se vive en Coahuila, la que corre a cargo del candidato de la denominada e in\u00e9dita Alianza\u00a0 Ciudadana\u00a0 por la Seguridad, as\u00ed lo expresan no solo los opinadores tradicionales, sino tambi\u00e9n las fr\u00edas cifras que arrojan la encuestas a cargo,\u00a0 no solo las\u00a0 que a &#8220;modo&#8221; realizan\u00a0 obvio,\u00a0 tirios y troyanos\u00a0 sino de organismos\u00a0&#8220;apartidistas&#8221;, que se\u00a0&#8230;<\/p>\n","protected":false},"author":2,"featured_media":0,"comment_status":"closed","ping_status":"","sticky":false,"template":"","format":"standard","meta":{"footnotes":""},"categories":[8],"tags":[],"class_list":["post-15073","post","type-post","status-publish","format-standard","hentry","category-aqui-laguna","wpcat-8-id"],"_links":{"self":[{"href":"https:\/\/www.aquilaguna.com\/index.php\/wp-json\/wp\/v2\/posts\/15073","targetHints":{"allow":["GET"]}}],"collection":[{"href":"https:\/\/www.aquilaguna.com\/index.php\/wp-json\/wp\/v2\/posts"}],"about":[{"href":"https:\/\/www.aquilaguna.com\/index.php\/wp-json\/wp\/v2\/types\/post"}],"author":[{"embeddable":true,"href":"https:\/\/www.aquilaguna.com\/index.php\/wp-json\/wp\/v2\/users\/2"}],"replies":[{"embeddable":true,"href":"https:\/\/www.aquilaguna.com\/index.php\/wp-json\/wp\/v2\/comments?post=15073"}],"version-history":[{"count":1,"href":"https:\/\/www.aquilaguna.com\/index.php\/wp-json\/wp\/v2\/posts\/15073\/revisions"}],"predecessor-version":[{"id":15074,"href":"https:\/\/www.aquilaguna.com\/index.php\/wp-json\/wp\/v2\/posts\/15073\/revisions\/15074"}],"wp:attachment":[{"href":"https:\/\/www.aquilaguna.com\/index.php\/wp-json\/wp\/v2\/media?parent=15073"}],"wp:term":[{"taxonomy":"category","embeddable":true,"href":"https:\/\/www.aquilaguna.com\/index.php\/wp-json\/wp\/v2\/categories?post=15073"},{"taxonomy":"post_tag","embeddable":true,"href":"https:\/\/www.aquilaguna.com\/index.php\/wp-json\/wp\/v2\/tags?post=15073"}],"curies":[{"name":"wp","href":"https:\/\/api.w.org\/{rel}","templated":true}]}}