{"id":1508,"date":"2021-04-13T18:39:54","date_gmt":"2021-04-13T23:39:54","guid":{"rendered":"https:\/\/www.aquilaguna.com\/?p=1508"},"modified":"2021-04-13T18:39:56","modified_gmt":"2021-04-13T23:39:56","slug":"abre-uadec-su-convocatoria-para-la-edicion-22-del-premio-estatal-de-periodismo-cultural-armando-fuentes-aguirre","status":"publish","type":"post","link":"https:\/\/www.aquilaguna.com\/index.php\/2021\/04\/13\/abre-uadec-su-convocatoria-para-la-edicion-22-del-premio-estatal-de-periodismo-cultural-armando-fuentes-aguirre\/","title":{"rendered":"Abre UAdeC su Convocatoria para la Edici\u00f3n 22 del Premio Estatal de Periodismo Cultural \u201cArmando Fuentes Aguirre\u201d."},"content":{"rendered":"\n<p>SALTILLO, Coahuila. 13 de abril de 2021. A partir del 13 de abril y hasta el 16 de<br>mayo de 2021, la Universidad Aut\u00f3noma de Coahuila abre su convocatoria para<br>los periodistas culturales cuyos trabajos aborden, difundan o publiquen las<br>distintas manifestaciones culturales y art\u00edsticas en medios de comunicaci\u00f3n de<br>Coahuila o el pa\u00eds.<\/p>\n\n\n\n<p>Podr\u00e1n participar todos los periodistas activos en Coahuila, as\u00ed como quienes<br>colaboren en medios de comunicaci\u00f3n nacionales. El periodismo cultural puede<br>ser alternado con otras actividades period\u00edsticas y ser\u00e1 v\u00e1lido el ejercicio en<br>diarios, revistas, suplementos, programas de radio y televisi\u00f3n en soporte<br>tradicional o en l\u00ednea.<\/p>\n\n\n\n<p>Las categor\u00edas son: Prensa Escrita: Nota, cr\u00f3nica, art\u00edculo, entrevista, reportaje,<br>columna y fotograf\u00eda; Radio: Nota, entrevista y reportaje; Televisi\u00f3n: Nota,<br>entrevista, reportaje y mejor toma; Divulgaci\u00f3n Cient\u00edfica: Cualquier g\u00e9nero que<br>divulgue la ciencia (aplica s\u00f3lo en el estado de Coahuila).<\/p>\n\n\n\n<p>En cada categor\u00eda se entregar\u00e1 una presea y un premio en efectivo de 10,000<br>(Diez mil pesos), adem\u00e1s un premio especial previa evaluaci\u00f3n del jurado por<br>trayectoria al periodista coahuilense que se haya destacado en el ejercicio del<br>periodismo cultural en los medios de comunicaci\u00f3n.<\/p>\n\n\n\n<p>Las bases y el formato de registro estar\u00e1n disponibles en la siguiente liga<br><a href=\"http:\/\/www.siiau.uadec.mx\/premio_periodismo\/DEFAULT.aspx\" target=\"_blank\" rel=\"noreferrer noopener\">http:\/\/www.siiau.uadec.mx\/premio_periodismo\/DEFAULT.aspx<\/a>, posteriormente<br>enviar el formato de registro al correo premiocultural@uadec.edu.mx, con una<br>semblanza personal sobre su formaci\u00f3n y experiencia profesional en una cuartilla.<\/p>\n\n\n\n<p>Los formatos para los trabajos de prensa escrita ser\u00e1n en PDF, en Radio en MP3<br>peso m\u00e1ximo 60 MG, de Televisi\u00f3n MP4 peso m\u00e1ximo 60 MG y Fotograf\u00eda tama\u00f1o<br>8&#215;10, formato JPG a 300 dpi y m\u00e1ximo 5 MG de peso, asimismo adjuntar la<br>prueba o testigo de las propuestas participantes que debieron publicarse del 2 de<br>abril de 2020 al 1 de abril 2021.<\/p>\n","protected":false},"excerpt":{"rendered":"<p>SALTILLO, Coahuila. 13 de abril de 2021. A partir del 13 de abril y hasta el 16 demayo de 2021, la Universidad Aut\u00f3noma de Coahuila abre su convocatoria paralos periodistas culturales cuyos trabajos aborden, difundan o publiquen lasdistintas manifestaciones culturales y art\u00edsticas en medios de comunicaci\u00f3n deCoahuila o el pa\u00eds. Podr\u00e1n participar todos los periodistas activos en Coahuila, as\u00ed como quienescolaboren en medios de comunicaci\u00f3n nacionales. El periodismo cultural puedeser&#8230;<\/p>\n","protected":false},"author":1,"featured_media":1509,"comment_status":"closed","ping_status":"closed","sticky":false,"template":"","format":"standard","meta":{"footnotes":""},"categories":[2],"tags":[],"class_list":["post-1508","post","type-post","status-publish","format-standard","has-post-thumbnail","hentry","category-uadec","wpcat-2-id"],"_links":{"self":[{"href":"https:\/\/www.aquilaguna.com\/index.php\/wp-json\/wp\/v2\/posts\/1508","targetHints":{"allow":["GET"]}}],"collection":[{"href":"https:\/\/www.aquilaguna.com\/index.php\/wp-json\/wp\/v2\/posts"}],"about":[{"href":"https:\/\/www.aquilaguna.com\/index.php\/wp-json\/wp\/v2\/types\/post"}],"author":[{"embeddable":true,"href":"https:\/\/www.aquilaguna.com\/index.php\/wp-json\/wp\/v2\/users\/1"}],"replies":[{"embeddable":true,"href":"https:\/\/www.aquilaguna.com\/index.php\/wp-json\/wp\/v2\/comments?post=1508"}],"version-history":[{"count":1,"href":"https:\/\/www.aquilaguna.com\/index.php\/wp-json\/wp\/v2\/posts\/1508\/revisions"}],"predecessor-version":[{"id":1510,"href":"https:\/\/www.aquilaguna.com\/index.php\/wp-json\/wp\/v2\/posts\/1508\/revisions\/1510"}],"wp:featuredmedia":[{"embeddable":true,"href":"https:\/\/www.aquilaguna.com\/index.php\/wp-json\/wp\/v2\/media\/1509"}],"wp:attachment":[{"href":"https:\/\/www.aquilaguna.com\/index.php\/wp-json\/wp\/v2\/media?parent=1508"}],"wp:term":[{"taxonomy":"category","embeddable":true,"href":"https:\/\/www.aquilaguna.com\/index.php\/wp-json\/wp\/v2\/categories?post=1508"},{"taxonomy":"post_tag","embeddable":true,"href":"https:\/\/www.aquilaguna.com\/index.php\/wp-json\/wp\/v2\/tags?post=1508"}],"curies":[{"name":"wp","href":"https:\/\/api.w.org\/{rel}","templated":true}]}}