{"id":15135,"date":"2023-05-10T22:17:06","date_gmt":"2023-05-11T04:17:06","guid":{"rendered":"https:\/\/www.aquilaguna.com\/?p=15135"},"modified":"2023-05-10T22:17:06","modified_gmt":"2023-05-11T04:17:06","slug":"invierten-22-millones-de-pesos-para-nueva-area-de-ginecologia-y-obstetricia-en-el-hu-de-saltillo","status":"publish","type":"post","link":"https:\/\/www.aquilaguna.com\/index.php\/2023\/05\/10\/invierten-22-millones-de-pesos-para-nueva-area-de-ginecologia-y-obstetricia-en-el-hu-de-saltillo\/","title":{"rendered":"Invierten 22 Millones de Pesos para Nueva \u00c1rea de Ginecolog\u00eda y Obstetricia en el HU de Saltillo."},"content":{"rendered":"\n<p>SALTILLO, Coahuila. 10 de mayo de 2023. Con una inversi\u00f3n de m\u00e1s de 22<br>millones de pesos fue inaugurada la nueva \u00e1rea de Ginecolog\u00eda y Obstetricia del<br>Hospital Universitario de la Universidad Aut\u00f3noma de Coahuila, por el secretario<br>de Salud en el estado, Roberto Bernal G\u00f3mez y el rector de la m\u00e1xima casa de<br>estudios, Salvador Hern\u00e1ndez V\u00e9lez.<\/p>\n\n\n\n<p>Acompa\u00f1aron a las autoridades el director del Hospital Universitario de Saltillo,<br>Jos\u00e9 Lauro Cort\u00e9s Hern\u00e1ndez; el jefe de Salud P\u00fablica Municipal, Dr. Luis Alfonso<br>Carrillo, funcionario de la administraci\u00f3n central y personal m\u00e9dico y de<br>enfermer\u00eda del HU.<\/p>\n\n\n\n<p>Para este proyecto se invirtieron 20 millones de pesos en construcci\u00f3n y 2<br>millones 14 mil pesos en adquisici\u00f3n de equipo m\u00e9dico de \u00faltima generaci\u00f3n,<br>mismo que estar\u00e1 al servicio de todas las usuarias de la regi\u00f3n; espacio que<br>adem\u00e1s permite el estudio, prevenci\u00f3n, diagn\u00f3stico y tratamiento de<br>enfermedades de la mujer.<\/p>\n\n\n\n<p>Asimismo, la atenci\u00f3n y cuidados de su proceso de gestaci\u00f3n, parto y postparto,<br>con una mejor atenci\u00f3n m\u00e9dica, de mayor calidad, moderna, y confiable, adem\u00e1s<br>de preparar a los recursos humanos de la salud de forma destacable, y aportando<br>a la investigaci\u00f3n cient\u00edfica.<\/p>\n\n\n\n<p>En su mensaje de bienvenida, el director del Hospital Universitario de Saltillo, Jos\u00e9<br>Lauro Cort\u00e9s Hern\u00e1ndez, dijo que contar con esta nueva obra a disposici\u00f3n de las<br>mujeres embarazadas ha sido un proyecto largamente anhelado, motivo por el<br>cual se decidi\u00f3 inaugurarla en el d\u00eda de las madres, por lo que espera que las<br>nuevas instalaciones hagan que las pacientes se sientan como en casa.<\/p>\n\n\n\n<p>En tanto, el secretario de Salud en el Estado, Roberto Bernal G\u00f3mez celebr\u00f3 el<br>trabajo realizado por la Universidad y dijo que el Hospital Universitario ha sido un<br>icono de prestigio en Coahuila muy respetado por lo cual espera que siga<br>avanzando por el bien de las mujeres.<\/p>\n\n\n\n<p>Agreg\u00f3 que la salud de las mujeres ha sido una prioridad para el gobierno del<br>estado y comparti\u00f3 algunas cifras como la principal raz\u00f3n de mortalidad materna<br>en Coahuila aument\u00f3 por consecuencia de la pandemia por Covid-19 de 59<br>mujeres por cada cien mil habitantes, y en el 2022 baj\u00f3 a 25 mujeres, en el caso<br>de embarazos en menores de 20 a\u00f1os Coahuila se encontraba en 11 mil 483 y<br>actualmente se encuentra en 6 mil 900.<\/p>\n\n\n\n<p>Por su parte, el rector Salvador Hern\u00e1ndez V\u00e9lez se\u00f1al\u00f3 que es importante la<br>modernizaci\u00f3n del Hospital Universitario para que siga siendo el orgullo del estado<br>de Coahuila; felicit\u00f3 al personal y directivos del nosocomio por este gran esfuerzo<br>que hoy realizan, as\u00ed mismo agradeci\u00f3 la colaboraci\u00f3n de la Secretaria de Salud y<br>del Gobierno del Estado para seguir impulsando este tipo de proyectos.<\/p>\n\n\n\n<p><strong>Impone UAdeC el nombre del Dr. Carlos Avil\u00e9s Falco al Aula Magna del<br>Hospital Universitario.<\/strong><\/p>\n\n\n\n<p>En el marco del 80 aniversario de la colocaci\u00f3n de la primera piedra del Hospital<br>Universitario de Saltillo se impuso al Aula Magna del nosocomio el nombre del Dr.<br>Carlos Avil\u00e9s Falco, como reconocimiento a quien encabez\u00f3 los esfuerzos para la<br>construcci\u00f3n del Hospital y fue su primer director.<\/p>\n\n\n\n<p>El Dr. Carlos Avil\u00e9s Falco naci\u00f3 en Saltillo el 11 de julio de 1911, fue egresado de<br>la Escuela Medico Militar en 1943 y se especializ\u00f3 en la ciudad de Boston,<br>Massachussets en el \u00e1rea de Pediatr\u00eda, fue m\u00e9dico de gran prestigio y atendi\u00f3 a<br>m\u00e1s de 40 mil ni\u00f1os y ni\u00f1as; el homenaje que la Direcci\u00f3n del Hospital<br>Universitario ha promovido para el Dr. Avil\u00e9s es una manifestaci\u00f3n de<br>agradecimiento hacia el pediatra, ilustre ciudadano distinguido.<\/p>\n","protected":false},"excerpt":{"rendered":"<p>SALTILLO, Coahuila. 10 de mayo de 2023. Con una inversi\u00f3n de m\u00e1s de 22millones de pesos fue inaugurada la nueva \u00e1rea de Ginecolog\u00eda y Obstetricia delHospital Universitario de la Universidad Aut\u00f3noma de Coahuila, por el secretariode Salud en el estado, Roberto Bernal G\u00f3mez y el rector de la m\u00e1xima casa deestudios, Salvador Hern\u00e1ndez V\u00e9lez. Acompa\u00f1aron a las autoridades el director del Hospital Universitario de Saltillo,Jos\u00e9 Lauro Cort\u00e9s Hern\u00e1ndez; el jefe&#8230;<\/p>\n","protected":false},"author":1,"featured_media":15136,"comment_status":"closed","ping_status":"closed","sticky":false,"template":"","format":"standard","meta":{"footnotes":""},"categories":[2],"tags":[],"class_list":["post-15135","post","type-post","status-publish","format-standard","has-post-thumbnail","hentry","category-uadec","wpcat-2-id"],"_links":{"self":[{"href":"https:\/\/www.aquilaguna.com\/index.php\/wp-json\/wp\/v2\/posts\/15135","targetHints":{"allow":["GET"]}}],"collection":[{"href":"https:\/\/www.aquilaguna.com\/index.php\/wp-json\/wp\/v2\/posts"}],"about":[{"href":"https:\/\/www.aquilaguna.com\/index.php\/wp-json\/wp\/v2\/types\/post"}],"author":[{"embeddable":true,"href":"https:\/\/www.aquilaguna.com\/index.php\/wp-json\/wp\/v2\/users\/1"}],"replies":[{"embeddable":true,"href":"https:\/\/www.aquilaguna.com\/index.php\/wp-json\/wp\/v2\/comments?post=15135"}],"version-history":[{"count":1,"href":"https:\/\/www.aquilaguna.com\/index.php\/wp-json\/wp\/v2\/posts\/15135\/revisions"}],"predecessor-version":[{"id":15137,"href":"https:\/\/www.aquilaguna.com\/index.php\/wp-json\/wp\/v2\/posts\/15135\/revisions\/15137"}],"wp:featuredmedia":[{"embeddable":true,"href":"https:\/\/www.aquilaguna.com\/index.php\/wp-json\/wp\/v2\/media\/15136"}],"wp:attachment":[{"href":"https:\/\/www.aquilaguna.com\/index.php\/wp-json\/wp\/v2\/media?parent=15135"}],"wp:term":[{"taxonomy":"category","embeddable":true,"href":"https:\/\/www.aquilaguna.com\/index.php\/wp-json\/wp\/v2\/categories?post=15135"},{"taxonomy":"post_tag","embeddable":true,"href":"https:\/\/www.aquilaguna.com\/index.php\/wp-json\/wp\/v2\/tags?post=15135"}],"curies":[{"name":"wp","href":"https:\/\/api.w.org\/{rel}","templated":true}]}}