{"id":15153,"date":"2023-05-12T19:31:29","date_gmt":"2023-05-13T01:31:29","guid":{"rendered":"https:\/\/www.aquilaguna.com\/?p=15153"},"modified":"2023-05-12T19:31:29","modified_gmt":"2023-05-13T01:31:29","slug":"piden-a-diputados-federales-considerar-las-acciones-de-inconstitucionalidad-en-contra-de-la-nueva-ley-de-ciencia-y-tecnologia","status":"publish","type":"post","link":"https:\/\/www.aquilaguna.com\/index.php\/2023\/05\/12\/piden-a-diputados-federales-considerar-las-acciones-de-inconstitucionalidad-en-contra-de-la-nueva-ley-de-ciencia-y-tecnologia\/","title":{"rendered":"Piden a diputados federales considerar las acciones de inconstitucionalidad en contra de la nueva ley de ciencia y tecnolog\u00eda."},"content":{"rendered":"\n<p>Saltillo, Coahuila de Zaragoza, mayo de 2023.- El Congreso del Estado aprob\u00f3 por<br>mayor\u00eda de votos un punto de acuerdo con objeto de exhortar a los diputados<br>federales de los Grupos Parlamentarios del PAN, PRI, PRD y Movimiento<br>Ciudadano de la C\u00e1mara de Diputados del H. Congreso de la Uni\u00f3n, para que<br>consideren las acciones de inconstitucionalidad que se pudieran presentar en<br>contra de la nueva Ley General en Materia de Humanidades, Ciencias,<br>Tecnolog\u00edas e Innovaci\u00f3n, aprobada recientemente por el Senado de la Rep\u00fablica.<br>El punto de acuerdo fue planteado por la diputada Mayra Lucila Vald\u00e9s Gonz\u00e1lez<br>durante la d\u00e9cima sesi\u00f3n del Primer Periodo de la LXII Legislatura local, y el<br>mismo fue aprobado por mayor\u00eda de votos de las y los diputados.<\/p>\n\n\n\n<p>Vald\u00e9s Gonz\u00e1lez, expuso como motivos el hecho de que dicha Ley fue aprobada<br>por el Senado sin tomar en cuenta las opiniones de la comunidad cient\u00edfica del<br>pa\u00eds, que la califica como una \u201cley ileg\u00edtima y antidemocr\u00e1tica\u201d, y que sustituir\u00e1 a<br>la Ley de Ciencia y Tecnolog\u00eda, pero adem\u00e1s, la misma contempla la desaparici\u00f3n<br>del Consejo Nacional de Ciencia y Tecnolog\u00eda CONACyT, para dar paso un<br>nuevo organismo.<\/p>\n\n\n\n<p>\u201cLa madrugada del s\u00e1bado 29 de abril, mientras dorm\u00edamos, cientos de<br>investigadores, cient\u00edficos y acad\u00e9micos que manifestaron desacuerdo contra de<br>esta Ley propuesta del Ejecutivo y que pidieron por meses una discusi\u00f3n seria en<br>reiteradas ocasiones, se vieron sorprendidos al saber que el Senado de la<br>Rep\u00fablica hab\u00eda consumado el proceso legislativo, sin tomar en cuenta sus<br>opiniones\u201d, asever\u00f3 la diputada Vald\u00e9s Gonz\u00e1lez.<\/p>\n\n\n\n<p>Adem\u00e1s, los acad\u00e9micos aseguran que esta ley carece de legitimidad, pues es<br>\u201ccentralista, autoritaria y discriminatoria\u201d, ya que no garantiza el derecho a una<br>participaci\u00f3n ciudadana aut\u00f3noma y desconoce las competencias de las entidades<br>federativas y municipios.<\/p>\n\n\n\n<p>Al respecto, dijo que la rectora de la Universidad Aut\u00f3noma de Quer\u00e9taro, Teresa<br>Garc\u00eda Gasca, sostuvo que la reci\u00e9n aprobada Ley General en Materia de<br>Humanidades, genera preocupaci\u00f3n en la comunidad acad\u00e9mica, toda vez que se<br>promueve una reconfiguraci\u00f3n centralista que afecta negativamente a dicho<br>sector. Tambi\u00e9n la Academia de Ingenier\u00eda de M\u00e9xico, la Academia Mexicana de<br>Ciencias y la Academia Nacional de Medicina de M\u00e9xico, lamentaron la<br>aprobaci\u00f3n de la ley.<\/p>\n","protected":false},"excerpt":{"rendered":"<p>Saltillo, Coahuila de Zaragoza, mayo de 2023.- El Congreso del Estado aprob\u00f3 pormayor\u00eda de votos un punto de acuerdo con objeto de exhortar a los diputadosfederales de los Grupos Parlamentarios del PAN, PRI, PRD y MovimientoCiudadano de la C\u00e1mara de Diputados del H. Congreso de la Uni\u00f3n, para queconsideren las acciones de inconstitucionalidad que se pudieran presentar encontra de la nueva Ley General en Materia de Humanidades, Ciencias,Tecnolog\u00edas e Innovaci\u00f3n,&#8230;<\/p>\n","protected":false},"author":1,"featured_media":0,"comment_status":"closed","ping_status":"closed","sticky":false,"template":"","format":"standard","meta":{"footnotes":""},"categories":[5,21],"tags":[],"class_list":["post-15153","post","type-post","status-publish","format-standard","hentry","category-coahuila","category-congreso-del-estado","wpcat-5-id","wpcat-21-id"],"_links":{"self":[{"href":"https:\/\/www.aquilaguna.com\/index.php\/wp-json\/wp\/v2\/posts\/15153","targetHints":{"allow":["GET"]}}],"collection":[{"href":"https:\/\/www.aquilaguna.com\/index.php\/wp-json\/wp\/v2\/posts"}],"about":[{"href":"https:\/\/www.aquilaguna.com\/index.php\/wp-json\/wp\/v2\/types\/post"}],"author":[{"embeddable":true,"href":"https:\/\/www.aquilaguna.com\/index.php\/wp-json\/wp\/v2\/users\/1"}],"replies":[{"embeddable":true,"href":"https:\/\/www.aquilaguna.com\/index.php\/wp-json\/wp\/v2\/comments?post=15153"}],"version-history":[{"count":1,"href":"https:\/\/www.aquilaguna.com\/index.php\/wp-json\/wp\/v2\/posts\/15153\/revisions"}],"predecessor-version":[{"id":15154,"href":"https:\/\/www.aquilaguna.com\/index.php\/wp-json\/wp\/v2\/posts\/15153\/revisions\/15154"}],"wp:attachment":[{"href":"https:\/\/www.aquilaguna.com\/index.php\/wp-json\/wp\/v2\/media?parent=15153"}],"wp:term":[{"taxonomy":"category","embeddable":true,"href":"https:\/\/www.aquilaguna.com\/index.php\/wp-json\/wp\/v2\/categories?post=15153"},{"taxonomy":"post_tag","embeddable":true,"href":"https:\/\/www.aquilaguna.com\/index.php\/wp-json\/wp\/v2\/tags?post=15153"}],"curies":[{"name":"wp","href":"https:\/\/api.w.org\/{rel}","templated":true}]}}