{"id":15168,"date":"2023-05-12T19:51:03","date_gmt":"2023-05-13T01:51:03","guid":{"rendered":"https:\/\/www.aquilaguna.com\/?p=15168"},"modified":"2023-05-12T19:51:03","modified_gmt":"2023-05-13T01:51:03","slug":"emprenderemos-una-gran-cruzada-por-el-desarrollo-social-de-todo-coahuila-manolo","status":"publish","type":"post","link":"https:\/\/www.aquilaguna.com\/index.php\/2023\/05\/12\/emprenderemos-una-gran-cruzada-por-el-desarrollo-social-de-todo-coahuila-manolo\/","title":{"rendered":"Emprenderemos una gran cruzada por el desarrollo social de todo Coahuila: Manolo."},"content":{"rendered":"\n<p>\u00b7\u00a0\u00a0\u00a0\u00a0\u00a0\u00a0\u00a0<strong><em>En los municipios de Casta\u00f1os y Monclova se reuni\u00f3 con l\u00edderes juveniles, sociales y de organizaciones con quienes cerr\u00f3 filas para llegar a un triunfo contundente el pr\u00f3ximo 4 de junio<\/em><\/strong><\/p>\n\n\n\n<p>Monclova, Coahuila; 11 de mayo de 2023.- Durante gira por la regi\u00f3n Centro, el candidato a gobernador de la Alianza Ciudadana por la Seguridad, Manolo Jim\u00e9nez Salinas, se reuni\u00f3 con l\u00edderes de diversos sectores sociales con quienes refrend\u00f3 su compromiso de trabajar de la mano para continuar con el desarrollo de Coahuila.<\/p>\n\n\n\n<p>Durante un encuentro con miembros y l\u00edderes de la Confederaci\u00f3n Nacional de Obreros Populares, Jim\u00e9nez Salinas destac\u00f3 la suma de esfuerzos del gran equipo de organismos sociales que respaldan su proyecto y que han llevado sus propuestas y plan de trabajo a todos los municipios del estado.<\/p>\n\n\n\n<p>&#8220;Tenemos un gran plan, tenemos una ruta y sabemos por d\u00f3nde ir para que Coahuila siga en una mejora continua para que nuestro estado lo podamos consolidar como el mejor lugar de M\u00e9xico para vivir con lo que m\u00e1s amamos que es nuestra familia, y eso lo vamos a hacer todos juntos&#8221;, apunt\u00f3.<\/p>\n\n\n\n<p>Jim\u00e9nez Salinas agreg\u00f3 que para ello se impulsar\u00e1 desde su gobierno un gran proyecto para ampliar y fortalecer los programas sociales en todo el Estado para beneficio de las familias m\u00e1s vulnerables.<\/p>\n\n\n\n<p>\u201cA nosotros nos distingue el trabajo en equipo, durante a\u00f1os hemos sumado esfuerzos por el bien de nuestra gente, as\u00ed lo seguiremos haciendo para que los coahuilenses tengan mejores programas y apoyos sociales, lo haremos en equipo&nbsp; con todos los \u00f3rdenes de gobierno&#8221;, se\u00f1al\u00f3.<\/p>\n\n\n\n<p>As\u00ed mismo, durante el foro Pulso 23 en donde se reuni\u00f3 con l\u00edderes juveniles de la regi\u00f3n Centro, el candidato de la coalici\u00f3n PRI-PAN-PRD resalt\u00f3 que de la mano de las y los j\u00f3venes se llevar\u00e1n a cabo los mejores programas y proyectos para su desarrollo, incluy\u00e9ndolos en la creaci\u00f3n de pol\u00edticas p\u00fablicas e impulsando su potencial en las \u00e1reas acad\u00e9micas, sociales, culturales y deportivas, de la mano con las universidades p\u00fablicas y privadas.<\/p>\n\n\n\n<p>De igual manera, en el municipio de Casta\u00f1os mantuvo un encuentro con militantes y ciudadanos, en donde resalt\u00f3 la creaci\u00f3n de programas y acciones encaminadas a mejorar su calidad de vida, como el programa de Salud Popular, de empoderamiento y desarrollo de las mujeres, seguridad y apoyo al campo, entre otras.<\/p>\n\n\n\n<p>Durante el recorrido por la regi\u00f3n estuvo acompa\u00f1ado por la candidata a diputada local por el distrito cuatro, Guadalupe Oyervides; el candidato a diputado local por el distrito cinco, Alfredo Paredes; la candidata a diputada local por el distrito seis, Edith Hern\u00e1ndez.<\/p>\n","protected":false},"excerpt":{"rendered":"<p>\u00b7\u00a0\u00a0\u00a0\u00a0\u00a0\u00a0\u00a0En los municipios de Casta\u00f1os y Monclova se reuni\u00f3 con l\u00edderes juveniles, sociales y de organizaciones con quienes cerr\u00f3 filas para llegar a un triunfo contundente el pr\u00f3ximo 4 de junio Monclova, Coahuila; 11 de mayo de 2023.- Durante gira por la regi\u00f3n Centro, el candidato a gobernador de la Alianza Ciudadana por la Seguridad, Manolo Jim\u00e9nez Salinas, se reuni\u00f3 con l\u00edderes de diversos sectores sociales con quienes refrend\u00f3 su&#8230;<\/p>\n","protected":false},"author":1,"featured_media":15169,"comment_status":"closed","ping_status":"closed","sticky":false,"template":"","format":"standard","meta":{"footnotes":""},"categories":[97,20,42],"tags":[],"class_list":["post-15168","post","type-post","status-publish","format-standard","has-post-thumbnail","hentry","category-alianza-ciudadana","category-campanas","category-elecciones","wpcat-97-id","wpcat-20-id","wpcat-42-id"],"_links":{"self":[{"href":"https:\/\/www.aquilaguna.com\/index.php\/wp-json\/wp\/v2\/posts\/15168","targetHints":{"allow":["GET"]}}],"collection":[{"href":"https:\/\/www.aquilaguna.com\/index.php\/wp-json\/wp\/v2\/posts"}],"about":[{"href":"https:\/\/www.aquilaguna.com\/index.php\/wp-json\/wp\/v2\/types\/post"}],"author":[{"embeddable":true,"href":"https:\/\/www.aquilaguna.com\/index.php\/wp-json\/wp\/v2\/users\/1"}],"replies":[{"embeddable":true,"href":"https:\/\/www.aquilaguna.com\/index.php\/wp-json\/wp\/v2\/comments?post=15168"}],"version-history":[{"count":1,"href":"https:\/\/www.aquilaguna.com\/index.php\/wp-json\/wp\/v2\/posts\/15168\/revisions"}],"predecessor-version":[{"id":15170,"href":"https:\/\/www.aquilaguna.com\/index.php\/wp-json\/wp\/v2\/posts\/15168\/revisions\/15170"}],"wp:featuredmedia":[{"embeddable":true,"href":"https:\/\/www.aquilaguna.com\/index.php\/wp-json\/wp\/v2\/media\/15169"}],"wp:attachment":[{"href":"https:\/\/www.aquilaguna.com\/index.php\/wp-json\/wp\/v2\/media?parent=15168"}],"wp:term":[{"taxonomy":"category","embeddable":true,"href":"https:\/\/www.aquilaguna.com\/index.php\/wp-json\/wp\/v2\/categories?post=15168"},{"taxonomy":"post_tag","embeddable":true,"href":"https:\/\/www.aquilaguna.com\/index.php\/wp-json\/wp\/v2\/tags?post=15168"}],"curies":[{"name":"wp","href":"https:\/\/api.w.org\/{rel}","templated":true}]}}