{"id":15195,"date":"2023-05-15T17:56:36","date_gmt":"2023-05-15T23:56:36","guid":{"rendered":"https:\/\/www.aquilaguna.com\/?p=15195"},"modified":"2023-05-15T17:56:37","modified_gmt":"2023-05-15T23:56:37","slug":"reporte-coahuila-del-plan-estatal-de-prevencion-y-control-covid-19-573","status":"publish","type":"post","link":"https:\/\/www.aquilaguna.com\/index.php\/2023\/05\/15\/reporte-coahuila-del-plan-estatal-de-prevencion-y-control-covid-19-573\/","title":{"rendered":"REPORTE COAHUILA DEL PLAN ESTATAL DE PREVENCI\u00d3N Y CONTROL COVID- 19."},"content":{"rendered":"\n<p>Saltillo, Coahuila de Zaragoza; a 15 de Mayo del 2023.- Con motivo de mantener a la poblaci\u00f3n informada de los principales avances del Plan Estatal de Prevenci\u00f3n y Control COVID-19, la Secretar\u00eda de Salud de Coahuila (SS) informa:<\/p>\n\n\n\n<p>1.- El REPORTE SEMANAL registra 189 casos incluidas 3 defunciones.&nbsp;<\/p>\n\n\n\n<p>DISTRIBUCI\u00d3N<\/p>\n\n\n\n<p>88 SALTILLO&nbsp;<\/p>\n\n\n\n<p>22 TORRE\u00d3N&nbsp;<\/p>\n\n\n\n<p>19 PIEDRAS NEGRAS&nbsp;<\/p>\n\n\n\n<p>11 RAMOS ARIZPE&nbsp;<\/p>\n\n\n\n<p>7 ACU\u00d1A<\/p>\n\n\n\n<p>7 SABINAS&nbsp;<\/p>\n\n\n\n<p>5 ALLENDE<\/p>\n\n\n\n<p>5 MONCLOVA&nbsp;<\/p>\n\n\n\n<p>4 SAN JUAN DE SABINAS&nbsp;<\/p>\n\n\n\n<p>3 FRANCISCO I. MADERO&nbsp;<\/p>\n\n\n\n<p>3 FRONTERA<\/p>\n\n\n\n<p>3 NAVA&nbsp;<\/p>\n\n\n\n<p>2 MORELOS&nbsp;<\/p>\n\n\n\n<p>2 PROGRESO&nbsp;<\/p>\n\n\n\n<p>2 SAN BUENAVENTURA&nbsp;<\/p>\n\n\n\n<p>1 MATAMOROS&nbsp;<\/p>\n\n\n\n<p>1 ARTEAGA&nbsp;<\/p>\n\n\n\n<p>1 PARRAS DE LA FUENTE&nbsp;<\/p>\n\n\n\n<p>1 SAN PEDRO&nbsp;<\/p>\n\n\n\n<p>1 VILLA UNI\u00d3N&nbsp;<\/p>\n\n\n\n<p>1 ZARAGOZA&nbsp;<\/p>\n\n\n\n<p>DECESOS&nbsp;<\/p>\n\n\n\n<p>SABINAS&nbsp;<\/p>\n\n\n\n<p>Mujer de 67 a\u00f1os (caso ya reportado)&nbsp;<\/p>\n\n\n\n<p>RAMOS ARIZPE<\/p>\n\n\n\n<p>Mujer de 87 a\u00f1os (caso ya reportado)&nbsp;<\/p>\n\n\n\n<p>TORRE\u00d3N&nbsp;<\/p>\n\n\n\n<p>Hombre de 91 a\u00f1os (caso ya reportado)&nbsp;<\/p>\n\n\n\n<p>2.- Existen AHORA en Coahuila 301 casos activos de COVID \u2013 19<\/p>\n\n\n\n<p>DISTRIBUCI\u00d3N DE CASOS ACTIVOS<\/p>\n\n\n\n<p>-Saltillo 138&nbsp;<\/p>\n\n\n\n<p>-Torre\u00f3n 35&nbsp;<\/p>\n\n\n\n<p>-Piedras Negras 21&nbsp;<\/p>\n\n\n\n<p>-Sabinas 19&nbsp;<\/p>\n\n\n\n<p>-Ramos Arizpe 11<\/p>\n\n\n\n<p>-Acu\u00f1a 11&nbsp;<\/p>\n\n\n\n<p>-Nava 10&nbsp;<\/p>\n\n\n\n<p>-Monclova 9&nbsp;<\/p>\n\n\n\n<p>-Frontera 6<\/p>\n\n\n\n<p>-Allende 5&nbsp;<\/p>\n\n\n\n<p>-San Juan de Sabinas 4&nbsp;<\/p>\n\n\n\n<p>-Zaragoza 4&nbsp;&nbsp;<\/p>\n\n\n\n<p>-Matamoros 3&nbsp;<\/p>\n\n\n\n<p>-San Pedro 3&nbsp;<\/p>\n\n\n\n<p>-M\u00fazquiz 3&nbsp;<\/p>\n\n\n\n<p>-Morelos 3&nbsp;<\/p>\n\n\n\n<p>-Francisco I. Madero 3&nbsp;<\/p>\n\n\n\n<p>-San Buenaventura 3&nbsp;<\/p>\n\n\n\n<p>-Casta\u00f1os 2&nbsp;<\/p>\n\n\n\n<p>-Parras de la Fuente 2&nbsp;<\/p>\n\n\n\n<p>-Progreso 2&nbsp;<\/p>\n\n\n\n<p>-General Cepeda 1&nbsp;<\/p>\n\n\n\n<p>-Ju\u00e1rez 1&nbsp;<\/p>\n\n\n\n<p>-Arteaga 1&nbsp;<\/p>\n\n\n\n<p>-Villa Uni\u00f3n 1&nbsp;<\/p>\n\n\n\n<p>-Cuatro Ci\u00e9negas 0&nbsp;<\/p>\n\n\n\n<p>-Nadadores 0&nbsp;<\/p>\n\n\n\n<p>-Sacramento 0&nbsp;<\/p>\n\n\n\n<p>-Lamadrid 0&nbsp;<\/p>\n\n\n\n<p>-Viesca 0&nbsp;<\/p>\n\n\n\n<p>-Abasolo 0&nbsp;<\/p>\n\n\n\n<p>-Ocampo 0&nbsp;<\/p>\n\n\n\n<p>-Guerrero 0&nbsp;<\/p>\n\n\n\n<p>-Escobedo 0&nbsp;<\/p>\n\n\n\n<p>-Sierra Mojada 0<\/p>\n\n\n\n<p>-Candela 0<\/p>\n\n\n\n<p>-Jim\u00e9nez 0<\/p>\n\n\n\n<p>-Hidalgo 0<\/p>\n\n\n\n<p>3.- Al d\u00eda de hoy, se contabilizan en Coahuila EN TOTAL 191,955 casos, incluidos 9,055 decesos.<\/p>\n\n\n\n<p>4.- HOSPITALIZADOS: 9 (promedio estatal)&nbsp;<\/p>\n\n\n\n<p>Regi\u00f3n Laguna 6<\/p>\n\n\n\n<p>Regi\u00f3n Sureste 3<\/p>\n\n\n\n<p>5.- TOTAL DE RECUPERADOS: 182,599<\/p>\n\n\n\n<p>51,010 SALTILLO&nbsp;<\/p>\n\n\n\n<p>36,774 TORRE\u00d3N<\/p>\n\n\n\n<p>18,174 MONCLOVA<\/p>\n\n\n\n<p>14,946 PIEDRAS NEGRAS<\/p>\n\n\n\n<p>8,099 ACU\u00d1A<\/p>\n\n\n\n<p>5,642 FRONTERA<\/p>\n\n\n\n<p>5,204 SABINAS<\/p>\n\n\n\n<p>4,939 RAMOS ARIZPE<\/p>\n\n\n\n<p>4,392 SAN PEDRO<\/p>\n\n\n\n<p>4,201 M\u00daZQUIZ<\/p>\n\n\n\n<p>3,867 PARRAS DE LA FUENTE<\/p>\n\n\n\n<p>3,910 SAN JUAN DE SABINAS<\/p>\n\n\n\n<p>3,146 FRANCISCO I. MADERO<\/p>\n\n\n\n<p>3,227 MATAMOROS<\/p>\n\n\n\n<p>2,402 NAVA<\/p>\n\n\n\n<p>2,191 CUATRO CI\u00c9NEGAS<\/p>\n\n\n\n<p>2,026 SAN BUENAVENTURA<\/p>\n\n\n\n<p>1,628 CASTA\u00d1OS<\/p>\n\n\n\n<p>1,457 ALLENDE<\/p>\n\n\n\n<p>898 ZARAGOZA&nbsp;<\/p>\n\n\n\n<p>787 ARTEAGA<\/p>\n\n\n\n<p>618 VILLA UNI\u00d3N<\/p>\n\n\n\n<p>471 NADADORES<\/p>\n\n\n\n<p>488 GENERAL CEPEDA<\/p>\n\n\n\n<p>474 MORELOS<\/p>\n\n\n\n<p>332 OCAMPO<\/p>\n\n\n\n<p>314 SACRAMENTO<\/p>\n\n\n\n<p>221 LAMADRID<\/p>\n\n\n\n<p>180 VIESCA<\/p>\n\n\n\n<p>128 PROGRESO<\/p>\n\n\n\n<p>89 JIM\u00c9NEZ<\/p>\n\n\n\n<p>80 SIERRA MOJADA<\/p>\n\n\n\n<p>77 GUERRERO<\/p>\n\n\n\n<p>56 CANDELA<\/p>\n\n\n\n<p>48 ESCOBEDO<\/p>\n\n\n\n<p>44 ABASOLO<\/p>\n\n\n\n<p>39 JU\u00c1REZ<\/p>\n\n\n\n<p>26 HIDALGO<\/p>\n","protected":false},"excerpt":{"rendered":"<p>Saltillo, Coahuila de Zaragoza; a 15 de Mayo del 2023.- Con motivo de mantener a la poblaci\u00f3n informada de los principales avances del Plan Estatal de Prevenci\u00f3n y Control COVID-19, la Secretar\u00eda de Salud de Coahuila (SS) informa: 1.- El REPORTE SEMANAL registra 189 casos incluidas 3 defunciones.&nbsp; DISTRIBUCI\u00d3N 88 SALTILLO&nbsp; 22 TORRE\u00d3N&nbsp; 19 PIEDRAS NEGRAS&nbsp; 11 RAMOS ARIZPE&nbsp; 7 ACU\u00d1A 7 SABINAS&nbsp; 5 ALLENDE 5 MONCLOVA&nbsp; 4 SAN JUAN&#8230;<\/p>\n","protected":false},"author":1,"featured_media":0,"comment_status":"closed","ping_status":"closed","sticky":false,"template":"","format":"standard","meta":{"footnotes":""},"categories":[5,4],"tags":[],"class_list":["post-15195","post","type-post","status-publish","format-standard","hentry","category-coahuila","category-covid","wpcat-5-id","wpcat-4-id"],"_links":{"self":[{"href":"https:\/\/www.aquilaguna.com\/index.php\/wp-json\/wp\/v2\/posts\/15195","targetHints":{"allow":["GET"]}}],"collection":[{"href":"https:\/\/www.aquilaguna.com\/index.php\/wp-json\/wp\/v2\/posts"}],"about":[{"href":"https:\/\/www.aquilaguna.com\/index.php\/wp-json\/wp\/v2\/types\/post"}],"author":[{"embeddable":true,"href":"https:\/\/www.aquilaguna.com\/index.php\/wp-json\/wp\/v2\/users\/1"}],"replies":[{"embeddable":true,"href":"https:\/\/www.aquilaguna.com\/index.php\/wp-json\/wp\/v2\/comments?post=15195"}],"version-history":[{"count":1,"href":"https:\/\/www.aquilaguna.com\/index.php\/wp-json\/wp\/v2\/posts\/15195\/revisions"}],"predecessor-version":[{"id":15196,"href":"https:\/\/www.aquilaguna.com\/index.php\/wp-json\/wp\/v2\/posts\/15195\/revisions\/15196"}],"wp:attachment":[{"href":"https:\/\/www.aquilaguna.com\/index.php\/wp-json\/wp\/v2\/media?parent=15195"}],"wp:term":[{"taxonomy":"category","embeddable":true,"href":"https:\/\/www.aquilaguna.com\/index.php\/wp-json\/wp\/v2\/categories?post=15195"},{"taxonomy":"post_tag","embeddable":true,"href":"https:\/\/www.aquilaguna.com\/index.php\/wp-json\/wp\/v2\/tags?post=15195"}],"curies":[{"name":"wp","href":"https:\/\/api.w.org\/{rel}","templated":true}]}}