{"id":15197,"date":"2023-05-15T18:02:17","date_gmt":"2023-05-16T00:02:17","guid":{"rendered":"https:\/\/www.aquilaguna.com\/?p=15197"},"modified":"2023-05-15T18:02:18","modified_gmt":"2023-05-16T00:02:18","slug":"reconocen-labor-de-los-docentes-de-torreon","status":"publish","type":"post","link":"https:\/\/www.aquilaguna.com\/index.php\/2023\/05\/15\/reconocen-labor-de-los-docentes-de-torreon\/","title":{"rendered":"Reconocen labor de los docentes de Torre\u00f3n."},"content":{"rendered":"\n<p>Torre\u00f3n, Coahuila. &#8211; A 15 de mayo del 2023.<\/p>\n\n\n\n<p>Con motivo del D\u00eda del Maestro, el alcalde de Torre\u00f3n, Rom\u00e1n Alberto Cepeda<br>Gonz\u00e1lez y el gobernador de Coahuila, Miguel \u00c1ngel Riquelme Sol\u00eds, entregaron<br>preseas a docentes de la Secci\u00f3n 35 del Sindicato Nacional de Trabajadores de<br>la Educaci\u00f3n (SNTE).<\/p>\n\n\n\n<p>El Presidente Municipal dijo que se trata de un d\u00eda importante para Torre\u00f3n, La<br>Laguna, Coahuila y todo el pa\u00eds, pues la educaci\u00f3n es uno de los pilares<br>fundamentales para el desarrollo arm\u00f3nico de la sociedad, y destac\u00f3 la labor de<br>los maestros de esta ciudad.<\/p>\n\n\n\n<p>\u201cM\u00e1s de 11 mil maestros y maestras dedican su esfuerzo y su tiempo a educar a<br>m\u00e1s de 190 mil j\u00f3venes en Torre\u00f3n\u201d indic\u00f3 el edil.<\/p>\n\n\n\n<p>En su mensaje, Rom\u00e1n Alberto Cepeda Gonz\u00e1lez reconoci\u00f3 a los docentes por<br>su trabajo, pues consider\u00f3 que educar a los j\u00f3venes requiere de valores y<br>compromiso.<\/p>\n\n\n\n<p>\u201cLo m\u00e1s importante es la calidad con la que ustedes desempe\u00f1an su trabajo\u201d,<br>manifest\u00f3.<\/p>\n\n\n\n<p>Dijo que actualmente est\u00e1n educando a las generaciones que en el futuro tendr\u00e1n<br>la responsabilidad de guiar los \u00f3rdenes de Gobierno.<\/p>\n\n\n\n<p>El Alcalde mencion\u00f3 que cada lunes, con el Gobernador de Coahuila, se supervisa<br>o pone en marcha una obra en Torre\u00f3n, incluyendo del sector educativo.<\/p>\n\n\n\n<p>En la actualidad, agreg\u00f3, la ciudad alberga el mayor n\u00famero de universidades per<br>c\u00e1pita del pa\u00eds, lo cual es un gran valor, pero lo m\u00e1s importante es que los j\u00f3venes<br>reciben una educaci\u00f3n de calidad.<\/p>\n\n\n\n<p>\u201cFelicidades por este reconocimiento que hoy reciben, porque son ustedes<br>quienes forjan el futuro del pa\u00eds\u201d, expres\u00f3.<\/p>\n\n\n\n<p>Miguel \u00c1ngel Riquelme Sol\u00eds, Gobernador de Coahuila, dijo que los maestros son<br>protagonistas de los cap\u00edtulos hist\u00f3ricos del Estado.<\/p>\n\n\n\n<p>\u201cGracias a ustedes, a su fortaleza y valent\u00eda, hoy Coahuila est\u00e1 de pie\u201d, dijo el<br>mandatario.<\/p>\n\n\n\n<p>Hizo un reconocimiento p\u00fablico a los maestros del Estado, y dijo que han sido<br>pieza fundamental para la recuperaci\u00f3n del empleo.<\/p>\n\n\n\n<p>\u201cEs la educaci\u00f3n la que est\u00e1 presente en todo momento y en todo indicador de<br>Coahuila\u201d, indic\u00f3 Riquelme Sol\u00eds.<\/p>\n\n\n\n<p>\u201cRefrendo mi compromiso hasta el \u00faltimo d\u00eda de mi gesti\u00f3n, por seguir mejorando<br>las condiciones laborales y que tengan lo necesario en infraestructura y<br>equipamiento para que cumplan su noble misi\u00f3n\u201d, finaliz\u00f3 el mandatario estatal.<br>Por su parte, Arturo D\u00edaz Gonz\u00e1lez, secretario general de la Secci\u00f3n 35 del SNTE,<br>dijo que los avances tecnol\u00f3gicos han sido fundamentales para el sector<br>educativo, sin embargo, coment\u00f3 que la labor de los maestros es irremplazable.<\/p>\n\n\n\n<p>Reconoci\u00f3 a los docentes que recibieron las preseas \u201cRafael Ram\u00edrez\u201d, por 30<br>a\u00f1os de servicio; \u201cIgnacio Manuel Altamirano\u201d, por 40 a\u00f1os de servicio y \u201cF\u00e9lix<br>Campos\u201d, por 50 a\u00f1os.<\/p>\n\n\n\n<p>Acudieron al evento Eduardo Olmos Castro, presidente de la Junta de Gobierno<br>del Congreso del Estado; Ver\u00f3nica Mart\u00ednez Garc\u00eda, Senadora de la Rep\u00fablica;<br>Francisco Saracho Navarro, Secretario de Educaci\u00f3n del Estado; Mario Cepeda<br>Ram\u00edrez, Diputado Local; Lorenzo Salazar Lozano, representante del Comit\u00e9<br>Ejecutivo Nacional del SNTE en la Secci\u00f3n 35 y Jorge Alberto Salcido Portillo, Sub<br>Secretario de Educaci\u00f3n B\u00e1sica.<\/p>\n","protected":false},"excerpt":{"rendered":"<p>Torre\u00f3n, Coahuila. &#8211; A 15 de mayo del 2023. Con motivo del D\u00eda del Maestro, el alcalde de Torre\u00f3n, Rom\u00e1n Alberto CepedaGonz\u00e1lez y el gobernador de Coahuila, Miguel \u00c1ngel Riquelme Sol\u00eds, entregaronpreseas a docentes de la Secci\u00f3n 35 del Sindicato Nacional de Trabajadores dela Educaci\u00f3n (SNTE). El Presidente Municipal dijo que se trata de un d\u00eda importante para Torre\u00f3n, LaLaguna, Coahuila y todo el pa\u00eds, pues la educaci\u00f3n es uno&#8230;<\/p>\n","protected":false},"author":1,"featured_media":15198,"comment_status":"closed","ping_status":"closed","sticky":false,"template":"","format":"standard","meta":{"footnotes":""},"categories":[5,28,7],"tags":[],"class_list":["post-15197","post","type-post","status-publish","format-standard","has-post-thumbnail","hentry","category-coahuila","category-la-laguna","category-torreon","wpcat-5-id","wpcat-28-id","wpcat-7-id"],"_links":{"self":[{"href":"https:\/\/www.aquilaguna.com\/index.php\/wp-json\/wp\/v2\/posts\/15197","targetHints":{"allow":["GET"]}}],"collection":[{"href":"https:\/\/www.aquilaguna.com\/index.php\/wp-json\/wp\/v2\/posts"}],"about":[{"href":"https:\/\/www.aquilaguna.com\/index.php\/wp-json\/wp\/v2\/types\/post"}],"author":[{"embeddable":true,"href":"https:\/\/www.aquilaguna.com\/index.php\/wp-json\/wp\/v2\/users\/1"}],"replies":[{"embeddable":true,"href":"https:\/\/www.aquilaguna.com\/index.php\/wp-json\/wp\/v2\/comments?post=15197"}],"version-history":[{"count":1,"href":"https:\/\/www.aquilaguna.com\/index.php\/wp-json\/wp\/v2\/posts\/15197\/revisions"}],"predecessor-version":[{"id":15199,"href":"https:\/\/www.aquilaguna.com\/index.php\/wp-json\/wp\/v2\/posts\/15197\/revisions\/15199"}],"wp:featuredmedia":[{"embeddable":true,"href":"https:\/\/www.aquilaguna.com\/index.php\/wp-json\/wp\/v2\/media\/15198"}],"wp:attachment":[{"href":"https:\/\/www.aquilaguna.com\/index.php\/wp-json\/wp\/v2\/media?parent=15197"}],"wp:term":[{"taxonomy":"category","embeddable":true,"href":"https:\/\/www.aquilaguna.com\/index.php\/wp-json\/wp\/v2\/categories?post=15197"},{"taxonomy":"post_tag","embeddable":true,"href":"https:\/\/www.aquilaguna.com\/index.php\/wp-json\/wp\/v2\/tags?post=15197"}],"curies":[{"name":"wp","href":"https:\/\/api.w.org\/{rel}","templated":true}]}}