{"id":153,"date":"2021-02-05T20:28:01","date_gmt":"2021-02-06T02:28:01","guid":{"rendered":"http:\/\/34.69.167.107\/?p=153"},"modified":"2021-02-05T20:28:01","modified_gmt":"2021-02-06T02:28:01","slug":"conmemora-coahuila-el-104-aniversario-de-la-constitucion-politica-de-1917","status":"publish","type":"post","link":"https:\/\/www.aquilaguna.com\/index.php\/2021\/02\/05\/conmemora-coahuila-el-104-aniversario-de-la-constitucion-politica-de-1917\/","title":{"rendered":"CONMEMORA COAHUILA EL 104 ANIVERSARIO DE LA CONSTITUCI\u00d3N POL\u00cdTICA DE 1917."},"content":{"rendered":"\n<p>Saltillo, Coahuila de Zaragoza; a 5 de Febrero de 2021.- En representaci\u00f3n del gobernador Miguel \u00c1ngel Riquelme Sol\u00eds, el Secretario de Gobierno, Fernando de las Fuentes Hern\u00e1ndez, encabez\u00f3 la conmemoraci\u00f3n del 104 Aniversario de la Promulgaci\u00f3n de la Constituci\u00f3n Pol\u00edtica de 1917.<\/p>\n\n\n\n<p>Junto a la titular de la Secretar\u00eda de Cultura del Estado, Ana Sof\u00eda Garc\u00eda Camil, mont\u00f3 Guardia de Honor ante el busto de don Venustiano Carranza, colocado en el patio central de Palacio de Gobierno.<\/p>\n\n\n\n<p>En tanto, el maestro Andr\u00e9s Mendoza Salas, director de Museos, Historia y Patrimonio Cultural de Coahuila, tuvo a su cargo la rese\u00f1a de los acontecimientos hist\u00f3ricos que desencadenaron en la firma y promulgaci\u00f3n de la Constituci\u00f3n Pol\u00edtica de 1917, que tuvo lugar en el Teatro de la Rep\u00fablica de Quer\u00e9taro.<\/p>\n\n\n\n<p>EXPOSICI\u00d3N<\/p>\n\n\n\n<p>Luego, las autoridades estatales recorrieron la exposici\u00f3n alusiva al hist\u00f3rico acontecimiento, montada en el mismo sitio, donde se aprecia un facs\u00edmil de la Constituci\u00f3n Pol\u00edtica de 1917; el busto de don Venustiano Carranza y mamparas donde se detalla el trascendental acontecimiento.<\/p>\n\n\n\n<p>La muestra permanecer\u00e1 en el durante toda la semana pr\u00f3xima.<\/p>\n","protected":false},"excerpt":{"rendered":"<p>Saltillo, Coahuila de Zaragoza; a 5 de Febrero de 2021.- En representaci\u00f3n del gobernador Miguel \u00c1ngel Riquelme Sol\u00eds, el Secretario de Gobierno, Fernando de las Fuentes Hern\u00e1ndez, encabez\u00f3 la conmemoraci\u00f3n del 104 Aniversario de la Promulgaci\u00f3n de la Constituci\u00f3n Pol\u00edtica de 1917. Junto a la titular de la Secretar\u00eda de Cultura del Estado, Ana Sof\u00eda Garc\u00eda Camil, mont\u00f3 Guardia de Honor ante el busto de don Venustiano Carranza, colocado en&#8230;<\/p>\n","protected":false},"author":1,"featured_media":154,"comment_status":"closed","ping_status":"","sticky":false,"template":"","format":"standard","meta":{"footnotes":""},"categories":[5],"tags":[],"class_list":["post-153","post","type-post","status-publish","format-standard","has-post-thumbnail","hentry","category-coahuila","wpcat-5-id"],"_links":{"self":[{"href":"https:\/\/www.aquilaguna.com\/index.php\/wp-json\/wp\/v2\/posts\/153","targetHints":{"allow":["GET"]}}],"collection":[{"href":"https:\/\/www.aquilaguna.com\/index.php\/wp-json\/wp\/v2\/posts"}],"about":[{"href":"https:\/\/www.aquilaguna.com\/index.php\/wp-json\/wp\/v2\/types\/post"}],"author":[{"embeddable":true,"href":"https:\/\/www.aquilaguna.com\/index.php\/wp-json\/wp\/v2\/users\/1"}],"replies":[{"embeddable":true,"href":"https:\/\/www.aquilaguna.com\/index.php\/wp-json\/wp\/v2\/comments?post=153"}],"version-history":[{"count":1,"href":"https:\/\/www.aquilaguna.com\/index.php\/wp-json\/wp\/v2\/posts\/153\/revisions"}],"predecessor-version":[{"id":155,"href":"https:\/\/www.aquilaguna.com\/index.php\/wp-json\/wp\/v2\/posts\/153\/revisions\/155"}],"wp:featuredmedia":[{"embeddable":true,"href":"https:\/\/www.aquilaguna.com\/index.php\/wp-json\/wp\/v2\/media\/154"}],"wp:attachment":[{"href":"https:\/\/www.aquilaguna.com\/index.php\/wp-json\/wp\/v2\/media?parent=153"}],"wp:term":[{"taxonomy":"category","embeddable":true,"href":"https:\/\/www.aquilaguna.com\/index.php\/wp-json\/wp\/v2\/categories?post=153"},{"taxonomy":"post_tag","embeddable":true,"href":"https:\/\/www.aquilaguna.com\/index.php\/wp-json\/wp\/v2\/tags?post=153"}],"curies":[{"name":"wp","href":"https:\/\/api.w.org\/{rel}","templated":true}]}}