{"id":15310,"date":"2023-05-21T20:43:45","date_gmt":"2023-05-22T02:43:45","guid":{"rendered":"https:\/\/www.aquilaguna.com\/?p=15310"},"modified":"2023-05-21T20:43:45","modified_gmt":"2023-05-22T02:43:45","slug":"aqui-laguna-230","status":"publish","type":"post","link":"https:\/\/www.aquilaguna.com\/index.php\/2023\/05\/21\/aqui-laguna-230\/","title":{"rendered":"Aqu\u00ed Laguna."},"content":{"rendered":"\n<p>\u00a1A 10 d\u00edas! Para que concluyan los tiempos que el calendario electoral tiene\u00a0 establecido para \u00a0 el desarrollo de\u00a0 las campa\u00f1as\u00a0 electorales\u00a0 de quienes est\u00e9n aspirando a alg\u00fan cargo p\u00fablico\u00a0 el pr\u00f3ximo sexenio. El resto fue consumido ya\u00a0 inexorablemente\u00a0 por algunos -al menos dos de los aspirantes-,\u00a0 en aut\u00e9nticos &#8220;infiernitos&#8221; que los han exhibido a lo largo y ancho del estado, a uno, del el estado que guarda su salud\u00a0 mental y emocional y al otro, su\u00a0 penoso estado f\u00edsico. Los nombres de ambos ser\u00eda por dem\u00e1s ocioso\u00a0 mencionarlos, est\u00e1n en los pensamientos de todo coahuilense interesado en el recambio de poder\u00a0 que habr\u00e1 de registrar\u00a0 de facto este\u00a0 Estado, a partir del 5 de junio pr\u00f3ximo y \u00a0 de forma legal a partir de primero de diciembre pr\u00f3ximo. Restan otros dos aspirantes, que en medio del fragor que desatan los intereses en juego, han logrado hacer sobresalir las propuestas que desde sus respectivas\u00a0 organizaciones  ambos ofrecen al electorado.<\/p>\n\n\n\n<p>Podemos mencionar a Lenin P\u00e9rez, que en alianza con el Partido Verde Ecologista de M\u00e9xico y la\u00a0 leyenda\u00a0 urbana que arrastra desde hace algunos\u00a0a\u00f1os tal organizaci\u00f3n partidista, y que dicen\u00a0 que &#8220;ni es partido, ni es verde&#8221;, sostiene\u00a0 su presencia \u00a0 en la zona norte del Estado, cual su basti\u00f3n electoral\u00a0 y\u00a0 que se afirma, no registra &#8220;trasvase&#8221; alguno de militancia\u00a0 hacia ninguno del resto de los partidos en contienda, lo que parece indicar que\u00a0 alcanzar\u00e1 con que tener al menos un representante popular en el Congreso del Estado y\u00a0 en otro canal, \u00a0 esta ah\u00ed, el candidato de la Alianza Ciudadana por la Seguridad\u00a0 en estas fechas con cifras de preferencia entre el electorado\u00a0 que suma\u00a050 %\u00a0 m\u00e1s uno, seg\u00fan la suma que arrojan las encuestas realizadas por tirios y troyanos, lo que le da un amplio margen de acci\u00f3n sobre el resto de los contendientes. Sin embargo, su\u00a0 war room\u00a0 est\u00e1 m\u00e1s que alerta, se afirma, en especial\u00a0 por los rumbos\u00a0 que fijen tales votos en la elecci\u00f3n de los 16 diputados\u00a0 de mayor\u00eda en juego \u00a0y\u00a0 sobre todo, de\u00a0 dispersi\u00f3n \u00a0 territorial, y que finalmente acabar\u00e1n siendo las presencias \u00a0 con la que cada uno de los partidos que lograron conformar la denominada Alianza\u00a0 Ciudadana por la Seguridad con las que Coahuila\u00a0 participe en la\u00a0 pr\u00f3xima contienda\u00a0 electoral\u00a0 en la que se juegan\u00a0 no solo las diputaciones federales y las Senadur\u00edas -en especial estos cargos-,  sino tambi\u00e9n\u00a0 la\u00a0 renovaci\u00f3n de los 38 alcaldes a de igual n\u00famero de municipios de esta entidad. De ah\u00ed que las metas impuestas, pretendidas sean\u00a0 m\u00e1s altas sobre las registradas en las elecciones precedentes. Por lo pronto y\u00a0 toda vez que se hizo con anticipaci\u00f3n esta misma semana se deber\u00e1n estar dando a conocer el n\u00famero de\u00a0 votos\u00a0 recabados\u00a0 de Coahuilenses en el extranjero&#8230;<\/p>\n\n\n\n<p>Y por estas tierras, este misma ma\u00f1ana de domingo \u00a0se registr\u00f3 la presencia de la &#8220;corcholata&#8221; favorita\u00a0 de AMLO, Claudia Sheimbaum\u00a0 quien lleg\u00f3 muy de ma\u00f1ana al aeropuerto de Torre\u00f3n, y en donde fue recibida por el candidato de Morena\u00a0 Armando Guadiana Tijerina\u00a0y quien con ello\u00a0 recibi\u00f3 con\u00a0 poco de &#8220;aliento&#8221; pol\u00edtico, vital para sostener siquiera\u00a0 el resto que le queda de campa\u00f1a. Se le vio feliz al hombre de la\u00a0 texana y el bigote, que hizo uso de todos sus arrestos -que\u00a0 no restos-,\u00a0 f\u00edsicos para\u00a0 no decaer y seguir el paso que impuso la\u00a0 visitante que tras decir algunas de las frases manidas en torno al muy evidente\u00a0 desquebrajamiento\u00a0 que registra el candidato, la visitante \u00a0 fue llevada, rapidito a Francisco I. Madero para presidir\u00a0 el mitin que en su honor, no tanto de Guadiana, que le organiz\u00f3 el\u00a0 alcalde con licencia\u00a0 de ese mismo municipio\u00a0 Jonhatan\u00a0 Avila, que hoy funge como coordinado de la\u00a0 misma. En la recepci\u00f3n\u00a0 registrada en el Aeropuerto local,\u00a0 se identific\u00f3,\u00a0 a dos de los\u00a0 candidatos aspirantes a diputados, uno inclu\u00eddo en el listado plurinominal \u00a0 Antonio Attolini Murra y otra aspirante a la diputaci\u00f3n de mayor\u00eda, Pili Aguinaga, c\u00f3nyuge del ex\u00a0 priista y muy aspiracionista\u00a0 Shamir Fern\u00e1ndez\u00a0 y el resto de los candidatos, no fueron ni tan solo reconocidos por sus propios\u00a0 apoyadores. En tanto que Claudia,\u00a0 ten\u00eda prisa, sin duda\u00a0 pues\u00a0 sus responsabilidades\u00a0 la reclama con explosiones y fuegos\u00a0 que para nada son de artificio\u00a0 el Popocat\u00e9petl, que se encuentra con su actividad\u00a0 desatada \u00a0 y que ya registra \u00a0 color amarillo\u00a0Fase\u00a03\u00a0 y\u00a0 con ello toda\u00a0 la siembra de\u00a0 incertidumbre que plantea tal situaci\u00f3n\u00a0 a los habitantes de la Ciudad de M\u00e9xico, y sus alrededores, as\u00ed como los\u00a0 que se ubican en sus\u00a0 faldas\u00a0 y que corresponden al Estado de Pueblo y Tlaxcala,\u00a0 del muy\u00a0 hermoso \u00a0 pero\u00a0 terror\u00edfico e\u00a0 hipn\u00f3tico \u00a0 Volc\u00e1n\u2026<\/p>\n\n\n\n<p>Y\u00a0 ya se sabe\u00a0 eso de\u00a0 que &#8220;no por mucho madrugar amanece mas temprano&#8221;. Con todo y ello en los mentideros pol\u00edticos se comenta\u00a0 lo acelerado que \u00a0 marcha ya Luis Fernando Salazar Fern\u00e1ndez, que\u00a0 \u00a0 en eso de &#8220;construir&#8221; su candidatura a alcalde de Torre\u00f3n bajo las siglas de MORENA,  hace uso del\u00a0 canal de Youtube para \u00a0 promocionar sus aspiraciones, que de no sujetarse al c\u00e1non, que escrito o no\u00a0 se impone en el partido en el que dice militar, habr\u00eda que ver si ya cuenta con \u00a0 registro de \u00a0 militante, que es lo primero que debe\u00a0 hacer, si quiere ser inclu\u00eddo\u00a0 su controversial\u00a0 encuesta,\u00a0 y \u00a0 ahora a difundir\u00a0 con m\u00e1s\u00a0 mensajes de\u00a0odio y\u00a0 polarizaci\u00f3n, no sabiendo que con ello &#8220;escupe al cielo&#8221;\u00a0 pues no puede, aunque quisiera,\u00a0 borrar su pasado panista, calderonista\u00a0 y dem\u00e1s &#8220;ismos&#8221;\u00a0 de la derecha en la que ha militado toda su vida. Est\u00e1 m\u00e1s obsesionado con alcanzar el poder local, que el mismo Ricardo Mej\u00eda Berdeja, los tiempos pol\u00edticos cambian\u00a0 r\u00e1pidamente y\u00a0 con el las voluntades de los &#8220;hombres del poder&#8221; econ\u00f3mico, n\u00facleo poderoso, pero\u00a0 peque\u00f1o s\u00ed, que juega mal su rol, pero se coloca bien,\u00a0 ya al\u00a0 parecer, tiene ya m\u00e1s que comprometido\u00a0 su apoyo a otro\u00a0 pol\u00edtico que aspira por ahora a la repetir en el espacio que hoy ocupa\u00a0 y una vez que las condiciones socioecon\u00f3micas\u00a0 de esta regi\u00f3n\u00a0 han mejorado en materia de atracci\u00f3n\u00a0 de\u00a0 inversi\u00f3n y creaci\u00f3n de empleo, bajo \u00a0 el plus\u00a0 que le da a Coahuila y esta regi\u00f3n, \u00a0 estar considerada\u00a0 como una \u00ednsula de seguridad en medio del escenario territorial que la circunda inundado de violencia.<\/p>\n\n\n\n<p>En fin, en tal escenario\u00a0 el PRI\u00a0 cuenta en\u00a0 la zona metropolitana, urbana, con figuras que pueden competir, pues a\u00fan no alcanzan su tope, siendo este el caso de la Licenciada Ver\u00f3nica Mart\u00ednez, Senadora, dirigente local del priismo, y que en estos d\u00edas se aboca ya a la organizaci\u00f3n que le corresponde en la tarea de conducir\u00a0 el voto a las urnas y no m\u00e1s, pues de los resultados num\u00e9ricos dependen muchos futuros, no solo en el \u00e1mbito de la\u00a0 las elecciones, sino tambi\u00e9n en\u00a0 la ocupaci\u00f3n de espacios administrativos que impondr\u00e1n el relevo\u00a0 de administraci\u00f3n estatal.<\/p>\n\n\n\n<p>En este ultimo tema, vaya que\u00a0 se\u00a0 advierte la incertidumbre que acosa a numerosos miembros de la burocracia estatal que desarrollan trabajos y funciones en estas tierras, no son muchos, pero todos, sin excepci\u00f3n quieren sobrevivir\u00a0 en\u00a0 la sagrada n\u00f3mina, pero ya se sabe, que muchos son los que escuchar\u00e1n por ahora tal llamado, pero finalmente, pocos, muy pocos ser\u00e1n los escogidos.<\/p>\n","protected":false},"excerpt":{"rendered":"<p>\u00a1A 10 d\u00edas! Para que concluyan los tiempos que el calendario electoral tiene\u00a0 establecido para \u00a0 el desarrollo de\u00a0 las campa\u00f1as\u00a0 electorales\u00a0 de quienes est\u00e9n aspirando a alg\u00fan cargo p\u00fablico\u00a0 el pr\u00f3ximo sexenio. El resto fue consumido ya\u00a0 inexorablemente\u00a0 por algunos -al menos dos de los aspirantes-,\u00a0 en aut\u00e9nticos &#8220;infiernitos&#8221; que los han exhibido a lo largo y ancho del estado, a uno, del el estado que guarda su salud\u00a0&#8230;<\/p>\n","protected":false},"author":2,"featured_media":0,"comment_status":"closed","ping_status":"","sticky":false,"template":"","format":"standard","meta":{"footnotes":""},"categories":[8],"tags":[],"class_list":["post-15310","post","type-post","status-publish","format-standard","hentry","category-aqui-laguna","wpcat-8-id"],"_links":{"self":[{"href":"https:\/\/www.aquilaguna.com\/index.php\/wp-json\/wp\/v2\/posts\/15310","targetHints":{"allow":["GET"]}}],"collection":[{"href":"https:\/\/www.aquilaguna.com\/index.php\/wp-json\/wp\/v2\/posts"}],"about":[{"href":"https:\/\/www.aquilaguna.com\/index.php\/wp-json\/wp\/v2\/types\/post"}],"author":[{"embeddable":true,"href":"https:\/\/www.aquilaguna.com\/index.php\/wp-json\/wp\/v2\/users\/2"}],"replies":[{"embeddable":true,"href":"https:\/\/www.aquilaguna.com\/index.php\/wp-json\/wp\/v2\/comments?post=15310"}],"version-history":[{"count":1,"href":"https:\/\/www.aquilaguna.com\/index.php\/wp-json\/wp\/v2\/posts\/15310\/revisions"}],"predecessor-version":[{"id":15311,"href":"https:\/\/www.aquilaguna.com\/index.php\/wp-json\/wp\/v2\/posts\/15310\/revisions\/15311"}],"wp:attachment":[{"href":"https:\/\/www.aquilaguna.com\/index.php\/wp-json\/wp\/v2\/media?parent=15310"}],"wp:term":[{"taxonomy":"category","embeddable":true,"href":"https:\/\/www.aquilaguna.com\/index.php\/wp-json\/wp\/v2\/categories?post=15310"},{"taxonomy":"post_tag","embeddable":true,"href":"https:\/\/www.aquilaguna.com\/index.php\/wp-json\/wp\/v2\/tags?post=15310"}],"curies":[{"name":"wp","href":"https:\/\/api.w.org\/{rel}","templated":true}]}}