{"id":15349,"date":"2023-05-23T17:42:12","date_gmt":"2023-05-23T23:42:12","guid":{"rendered":"https:\/\/www.aquilaguna.com\/?p=15349"},"modified":"2023-05-23T17:42:13","modified_gmt":"2023-05-23T23:42:13","slug":"instaura-uadec-la-declaratoria-cero-tolerancia-a-las-conductas-de-violencia-de-genero-en-el-espacio-universitario","status":"publish","type":"post","link":"https:\/\/www.aquilaguna.com\/index.php\/2023\/05\/23\/instaura-uadec-la-declaratoria-cero-tolerancia-a-las-conductas-de-violencia-de-genero-en-el-espacio-universitario\/","title":{"rendered":"Instaura UAdeC la Declaratoria \u201cCero Tolerancia\u201d a las Conductas de Violencia de G\u00e9nero en el Espacio Universitario."},"content":{"rendered":"\n<p>ARTEAGA, Coahuila. 23 de mayo de 2023. La Universidad Aut\u00f3noma de Coahuila<br>a trav\u00e9s de la Coordinaci\u00f3n de Igualdad de G\u00e9nero, firm\u00f3 en conjunto con las<br>Facultades de Sistemas, Ingenier\u00eda, Arquitectura y la Escuela de Artes Pl\u00e1sticas<br>\u201cProf. Rub\u00e9n Herrera\u201d, la Declaratoria \u201cCero Tolerancia\u201d a las conductas de<br>Violencia de g\u00e9nero en el espacio universitario.<\/p>\n\n\n\n<p>En la Sala de Competitividad de la Facultad de Sistemas Campus Arteaga,<br>asistieron la directora de los Centros de Justicia y Empoderamiento para las<br>Mujeres del Estado de Coahuila, Leticia Charles Uribe; sign\u00f3 el documento la<br>titular de la Coordinaci\u00f3n de Igualdad de G\u00e9nero de la UAdeC, Magdalena Jaime<br>Cepeda; la titular del Instituto de Investigaci\u00f3n para el Desarrollo Integral de la<br>Mujer Universitaria (IIDIMU), Lorena Argentina Medina Bocanegra.<\/p>\n\n\n\n<p>As\u00ed como los directores de las Facultades de Sistemas, Ingenier\u00eda, Artes Pl\u00e1sticas,<br>Evaristo Alf\u00e9rez Rodr\u00edguez, Carlos Rodrigo Mu\u00f1iz Vald\u00e9s, Dar\u00edo D Aguill\u00f3n<br>Guti\u00e9rrez, respectivamente y en representaci\u00f3n del director de la Facultad de<br>Arquitectura, Jes\u00fas Padilla Garza la secretar\u00eda administrativa del plantel, Irlanda<br>Vald\u00e9s Covarrubias.<\/p>\n\n\n\n<p>La directora de los Centros de Justicia y Empoderamiento para las Mujeres del<br>Estado de Coahuila, Leticia Charles Uribe dijo que este tipo de acciones son un<br>parteaguas y van a marcar una diferencia en las unidades acad\u00e9micas que se<br>convierten en espacios seguros para las mujeres y para todo el alumnado, por lo<br>que ello transforma a nuestra sociedad.<\/p>\n\n\n\n<p>En su mensaje, la titular de la Coordinaci\u00f3n de Igualdad de G\u00e9nero de la UAdeC,<br>Magdalena Jaime Cepeda reconoci\u00f3 y agradeci\u00f3 a los directores del Campus<br>Arteaga por ser los primeros en tomar la iniciativa respecto a la firma de la<br>declaratoria; agreg\u00f3 que esta busca contribuir a garantizar que las Escuelas,<br>Facultades, Institutos y Dependencias de la UAdeC se constituyan como espacios<br>libres de todo tipo y modalidad de violencia, en especial la de g\u00e9nero.<\/p>\n\n\n\n<p>As\u00ed mismo, libres de toda discriminaci\u00f3n hacia las mujeres, el acceso pleno al<br>derecho a la educaci\u00f3n superior y media superior a trav\u00e9s del reconocimiento de<br>las diversas formas de violencia que vulneran los derechos humanos de todas las<br>personas integrantes de la comunidad universitaria.<\/p>\n\n\n\n<p>A nombre de las y los estudiantes de las Facultades del Campus Arteaga la<br>presidenta de la Sociedad de Alumnos de la Facultad de Sistemas, Jennifer de los<br>R\u00edos Briones, dijo que los j\u00f3venes cada vez toman con m\u00e1s fuerza espacios en los<br>\u00e1mbitos sociales, culturales, deportivos y acad\u00e9micos, pero, sobre todo en la<br>participaci\u00f3n democr\u00e1tica.<\/p>\n\n\n\n<p>Agreg\u00f3 que, en nombre de cada sociedad de alumnos representativa de cada<br>Escuela y Facultad se manifiesta el compromiso de la defensa de los Derechos<br>Humanos por lo que en la esfera de su competencia se garantizar\u00e1 el principio de<br>igualdad sustantiva entre hombres y mujeres en el ejercicio de sus derechos<br>laborales, as\u00ed como el derecho fundamental a la no discriminaci\u00f3n en los procesos<br>de ingreso formaci\u00f3n y promoci\u00f3n profesional.<\/p>\n\n\n\n<p>A nombre de los directivos de las Escuelas y Facultades del Campus Arteaga, el<br>director de la Escuela de Artes Pl\u00e1sticas \u201cProf. Rub\u00e9n Herrera\u201d Dar\u00edo D. Aguill\u00f3n<br>dijo que este proyecto viene a sumar al trabajo realizado como centros educativos<br>en sus planes de trabajo en la construcci\u00f3n de espacios seguros, de erradicaci\u00f3n<br>de la violencia de g\u00e9nero que garantice que las y los estudiantes tengan una<br>experiencia acad\u00e9mica positiva sin ning\u00fan tipo de discriminaci\u00f3n o violencia al<br>interior de las instalaciones universitarias.<\/p>\n\n\n\n<p>El programa incluye de forma enunciativa, m\u00e1s no limitativa, est\u00e1 prohibido realizar<br>y tolerar actos de Violencia de G\u00e9nero, con independencia del sexo, identidad o<br>expresi\u00f3n de g\u00e9nero, caracter\u00edsticas u orientaci\u00f3n sexuales, rol estudiantil y\/o<br>laboral de las personas involucradas.<\/p>\n\n\n\n<p>Las conductas, que pueden constituir Violencia de G\u00e9nero son: Acciones que<br>tengan por objetivo ridiculizar o hacer sentir mal a una persona, en raz\u00f3n de su<br>g\u00e9nero u orientaci\u00f3n sexual; Amenazas e intimidaciones; Ataques sexuales y<br>violaci\u00f3n de cualquier tipo; Chantajes o extorsi\u00f3n; Contacto f\u00edsico indebido;<br>Discriminaci\u00f3n de cualquier tipo; Difamaci\u00f3n; Difusi\u00f3n por cualquier medio de<br>im\u00e1genes \u00edntimas, sin la autorizaci\u00f3n expresa de la persona que aparece en las<br>mismas; Espiar o grabar a otras personas en ba\u00f1os, vestidores o lugares privados.<\/p>\n\n\n\n<p>Exhibici\u00f3n p\u00fablica no deseada de material gr\u00e1fico con contenido sexuales;<br>Insinuaciones sexuales; Insultos recurrentes; Solicitud de favores sexuales;<br>Violencia f\u00edsica, verbal, psicol\u00f3gica, patrimonial, econ\u00f3mica, sexual, as\u00ed como la<br>que se lleve a cabo por medios electr\u00f3nicos o cualquier otra que pueda constituir<br>violencia de g\u00e9nero.<\/p>\n","protected":false},"excerpt":{"rendered":"<p>ARTEAGA, Coahuila. 23 de mayo de 2023. La Universidad Aut\u00f3noma de Coahuilaa trav\u00e9s de la Coordinaci\u00f3n de Igualdad de G\u00e9nero, firm\u00f3 en conjunto con lasFacultades de Sistemas, Ingenier\u00eda, Arquitectura y la Escuela de Artes Pl\u00e1sticas\u201cProf. Rub\u00e9n Herrera\u201d, la Declaratoria \u201cCero Tolerancia\u201d a las conductas deViolencia de g\u00e9nero en el espacio universitario. En la Sala de Competitividad de la Facultad de Sistemas Campus Arteaga,asistieron la directora de los Centros de Justicia&#8230;<\/p>\n","protected":false},"author":1,"featured_media":15350,"comment_status":"closed","ping_status":"closed","sticky":false,"template":"","format":"standard","meta":{"footnotes":""},"categories":[2],"tags":[],"class_list":["post-15349","post","type-post","status-publish","format-standard","has-post-thumbnail","hentry","category-uadec","wpcat-2-id"],"_links":{"self":[{"href":"https:\/\/www.aquilaguna.com\/index.php\/wp-json\/wp\/v2\/posts\/15349","targetHints":{"allow":["GET"]}}],"collection":[{"href":"https:\/\/www.aquilaguna.com\/index.php\/wp-json\/wp\/v2\/posts"}],"about":[{"href":"https:\/\/www.aquilaguna.com\/index.php\/wp-json\/wp\/v2\/types\/post"}],"author":[{"embeddable":true,"href":"https:\/\/www.aquilaguna.com\/index.php\/wp-json\/wp\/v2\/users\/1"}],"replies":[{"embeddable":true,"href":"https:\/\/www.aquilaguna.com\/index.php\/wp-json\/wp\/v2\/comments?post=15349"}],"version-history":[{"count":1,"href":"https:\/\/www.aquilaguna.com\/index.php\/wp-json\/wp\/v2\/posts\/15349\/revisions"}],"predecessor-version":[{"id":15351,"href":"https:\/\/www.aquilaguna.com\/index.php\/wp-json\/wp\/v2\/posts\/15349\/revisions\/15351"}],"wp:featuredmedia":[{"embeddable":true,"href":"https:\/\/www.aquilaguna.com\/index.php\/wp-json\/wp\/v2\/media\/15350"}],"wp:attachment":[{"href":"https:\/\/www.aquilaguna.com\/index.php\/wp-json\/wp\/v2\/media?parent=15349"}],"wp:term":[{"taxonomy":"category","embeddable":true,"href":"https:\/\/www.aquilaguna.com\/index.php\/wp-json\/wp\/v2\/categories?post=15349"},{"taxonomy":"post_tag","embeddable":true,"href":"https:\/\/www.aquilaguna.com\/index.php\/wp-json\/wp\/v2\/tags?post=15349"}],"curies":[{"name":"wp","href":"https:\/\/api.w.org\/{rel}","templated":true}]}}