{"id":15361,"date":"2023-05-23T20:52:35","date_gmt":"2023-05-24T02:52:35","guid":{"rendered":"https:\/\/www.aquilaguna.com\/?p=15361"},"modified":"2023-05-23T20:52:36","modified_gmt":"2023-05-24T02:52:36","slug":"ya-nadie-detiene-esta-gran-ola-ciudadana-manolo","status":"publish","type":"post","link":"https:\/\/www.aquilaguna.com\/index.php\/2023\/05\/23\/ya-nadie-detiene-esta-gran-ola-ciudadana-manolo\/","title":{"rendered":"Ya nadie detiene esta gran ola ciudadana: Manolo."},"content":{"rendered":"\n<p>\u00b7\u00a0\u00a0\u00a0\u00a0\u00a0\u00a0\u00a0<strong><em>Durante evento en Saltillo, m\u00e1s coahuilenses se suman y muestran respaldo a la Alianza Ciudadana por la Seguridad<\/em><\/strong><\/p>\n\n\n\n<p>Saltillo, Coahuila, a 23 de mayo de 2023. Manolo Jim\u00e9nez Salinas, candidato de la Alianza Ciudadana por la Seguridad a la gubernatura de Coahuila, agradeci\u00f3 el apoyo que le muestran cada vez m\u00e1s coahuilenses, y los llam\u00f3 a acudir a las urnas el cuatro de junio y hacer manifiesto este apoyo para llevar al estado al siguiente nivel.<\/p>\n\n\n\n<p>En su m\u00e1s reciente evento p\u00fablico en la capital del estado, se vio aumentada la cantidad de simpatizantes que acuden al poder de convocatoria de Jim\u00e9nez Salinas, quien en su mensaje explic\u00f3 cada uno de los diez ejes que integran la Agenda Para Mejorar la Calidad de Vida de los coahuilenses, y adem\u00e1s, reconoci\u00f3 y agradeci\u00f3 el apoyo que decididamente le brindan.<\/p>\n\n\n\n<p>\u201cAgradezco la confianza de todos los coahuilenses que como hoy, se siguen sumando a esta gran alianza ciudadana por la que hemos trabajado diariamente ya durante muchos a\u00f1os\u201d, expres\u00f3 el candidato de la Alianza Ciudadana por la Seguridad.<\/p>\n\n\n\n<p>Acompa\u00f1ado por su esposa Paola Rodr\u00edguez L\u00f3pez, el abanderado de la coalici\u00f3n PRI-PAN-PRD se\u00f1al\u00f3 que fue el primer candidato que ha visitado todos y cada uno de los municipios de Coahuila, para llevar su propuesta, pero tambi\u00e9n para escuchar a los ciudadanos, las necesidades de cada regi\u00f3n y las ideas sus habitantes para solventarlas.<\/p>\n\n\n\n<p>Les dijo que as\u00ed como se corre la voz para invitar a otros a que asistan a las reuniones con j\u00f3venes, con mujeres, con grupos organizados de la sociedad civil y a las abiertas a la comunidad en general, tambi\u00e9n lo hagan para invitar a que acudan a votar el cuatro de junio, y ejercer el derecho de decidir qui\u00e9n ser\u00e1 el pr\u00f3ximo Gobernador del Estado.<\/p>\n\n\n\n<p>\u201cEstamos muy fortalecidos, este 4 de junio vamos a inundar las urnas con esta gran ola ciudadana a la que ya nadie detiene, somos una ola de coahuilenses que lo \u00fanico que queremos es que a Coahuila le siga yendo bien, que estamos dispuestos a dar el todo por el todo por el presente y el futuro de esta tierra bendita. \u00a1Coahuila solamente va pa\u2019delante!\u201d<\/p>\n\n\n\n<p>Manolo Jim\u00e9nez Salinas ha visitado todos los municipios de Coahuila, acompa\u00f1ado de los diversos candidatos y candidatas a las diputaciones locales, muchos de ellos en m\u00e1s de una ocasi\u00f3n, detallando los diez ejes que guiar\u00e1n su gobierno: Seguridad, Globalizaci\u00f3n, Salud, Educaci\u00f3n, Inclusi\u00f3n, Juventud, Mujeres, Campo y Medio Ambiente, Municipalidades y Ciudadanizaci\u00f3n del Gobierno.<\/p>\n\n\n\n<p>Durante el encuentro con militancia del sur de Saltillo, tambi\u00e9n estuvo presente el candidato a diputado local por el distrito 16, \u00c1lvaro Moreira Vald\u00e9s, quien se\u00f1al\u00f3 que juntos defender\u00e1n&nbsp;Coahuila.<\/p>\n","protected":false},"excerpt":{"rendered":"<p>\u00b7\u00a0\u00a0\u00a0\u00a0\u00a0\u00a0\u00a0Durante evento en Saltillo, m\u00e1s coahuilenses se suman y muestran respaldo a la Alianza Ciudadana por la Seguridad Saltillo, Coahuila, a 23 de mayo de 2023. Manolo Jim\u00e9nez Salinas, candidato de la Alianza Ciudadana por la Seguridad a la gubernatura de Coahuila, agradeci\u00f3 el apoyo que le muestran cada vez m\u00e1s coahuilenses, y los llam\u00f3 a acudir a las urnas el cuatro de junio y hacer manifiesto este apoyo para&#8230;<\/p>\n","protected":false},"author":1,"featured_media":0,"comment_status":"closed","ping_status":"closed","sticky":false,"template":"","format":"standard","meta":{"footnotes":""},"categories":[97,20,5,42],"tags":[],"class_list":["post-15361","post","type-post","status-publish","format-standard","hentry","category-alianza-ciudadana","category-campanas","category-coahuila","category-elecciones","wpcat-97-id","wpcat-20-id","wpcat-5-id","wpcat-42-id"],"_links":{"self":[{"href":"https:\/\/www.aquilaguna.com\/index.php\/wp-json\/wp\/v2\/posts\/15361","targetHints":{"allow":["GET"]}}],"collection":[{"href":"https:\/\/www.aquilaguna.com\/index.php\/wp-json\/wp\/v2\/posts"}],"about":[{"href":"https:\/\/www.aquilaguna.com\/index.php\/wp-json\/wp\/v2\/types\/post"}],"author":[{"embeddable":true,"href":"https:\/\/www.aquilaguna.com\/index.php\/wp-json\/wp\/v2\/users\/1"}],"replies":[{"embeddable":true,"href":"https:\/\/www.aquilaguna.com\/index.php\/wp-json\/wp\/v2\/comments?post=15361"}],"version-history":[{"count":1,"href":"https:\/\/www.aquilaguna.com\/index.php\/wp-json\/wp\/v2\/posts\/15361\/revisions"}],"predecessor-version":[{"id":15362,"href":"https:\/\/www.aquilaguna.com\/index.php\/wp-json\/wp\/v2\/posts\/15361\/revisions\/15362"}],"wp:attachment":[{"href":"https:\/\/www.aquilaguna.com\/index.php\/wp-json\/wp\/v2\/media?parent=15361"}],"wp:term":[{"taxonomy":"category","embeddable":true,"href":"https:\/\/www.aquilaguna.com\/index.php\/wp-json\/wp\/v2\/categories?post=15361"},{"taxonomy":"post_tag","embeddable":true,"href":"https:\/\/www.aquilaguna.com\/index.php\/wp-json\/wp\/v2\/tags?post=15361"}],"curies":[{"name":"wp","href":"https:\/\/api.w.org\/{rel}","templated":true}]}}