{"id":15363,"date":"2023-05-24T19:57:28","date_gmt":"2023-05-25T01:57:28","guid":{"rendered":"https:\/\/www.aquilaguna.com\/?p=15363"},"modified":"2023-05-24T19:57:28","modified_gmt":"2023-05-25T01:57:28","slug":"presentara-concierto-inaugural-el-coro-universitario-lobos-uadec","status":"publish","type":"post","link":"https:\/\/www.aquilaguna.com\/index.php\/2023\/05\/24\/presentara-concierto-inaugural-el-coro-universitario-lobos-uadec\/","title":{"rendered":"Presentar\u00e1 Concierto Inaugural el Coro Universitario Lobos UAdeC."},"content":{"rendered":"\n<p>SALTILLO, Coahuila. 24 de mayo de 2023. La Universidad Aut\u00f3noma de Coahuila<br>a trav\u00e9s de la Coordinaci\u00f3n General de Difusi\u00f3n y Patrimonio Cultural invitan a<br>comunidad universitaria y p\u00fablico en general al Concierto del Coro Universitario<br>Lobos UAdeC que se llevar\u00e1 acabo este jueves 25 de mayo, a las 19:00 horas, en<br>la Sala Audiovisual \u201cArquitecto Jes\u00fas Ochoa Ruesga\u201d en la Unidad<br>Camporredondo.<\/p>\n\n\n\n<p>El evento es gratuito y contar\u00e1 con un programa de 10 obras conformado por<br>coros de \u00f3pera, zarzuela y algunos solos de compositores como Mozart, Penella,<br>Moreno Torroba, Vel\u00e1zquez, entre otros, as\u00ed como algunos himnos.<\/p>\n\n\n\n<p>El Coro Universitario Lobos UAdeC es una agrupaci\u00f3n formativa que fomenta los<br>valores como respeto, tolerancia, convivencia, sentido de pertenencia y uni\u00f3n a<br>trav\u00e9s de la m\u00fasica y el canto con el objetivo de potencializar la formaci\u00f3n integral<br>de las y los integrantes, adem\u00e1s de aumentar la oferta de actividades<br>extracurriculares.<\/p>\n\n\n\n<p>Se conform\u00f3 a partir de una convocatoria p\u00fablica lanzada por la Coordinaci\u00f3n<br>General de Difusi\u00f3n y Patrimonio Cultural (DPC) en febrero de este a\u00f1o, en la cual<br>se seleccionaron las voces que actualmente est\u00e1n bajo la tutela del maestro Arturo<br>Rodr\u00edguez Torres, subcoordinador art\u00edstico de la DPC, quien los prepara en<br>t\u00e9cnica vocal, solfeo, montaje de repertorio coral y solista de diferentes g\u00e9neros,<br>idiomas y estilos musicales dos d\u00edas por semana.<\/p>\n\n\n\n<p>El Coro est\u00e1 integrado por integrantes de la comunidad universitaria<br>pertenecientes a la Direcci\u00f3n de Investigaci\u00f3n y Posgrado, la Coordinaci\u00f3n<br>General de Relaciones Internacionales, la Coordinaci\u00f3n General de Administraci\u00f3n<br>Patrimonial y Servicios, las Facultades de Jurisprudencia, Econom\u00eda,<br>Matem\u00e1ticas, Medicina, Psicolog\u00eda.<\/p>\n\n\n\n<p>As\u00ed como de la Facultades de Ingenier\u00eda de Arteaga, de los Institutos de Lenguas<br>Extranjeras y Ense\u00f1anza Abierta, de las Escuelas de Artes Pl\u00e1sticas \u201cRub\u00e9n<br>Herrera\u201d, Superior de M\u00fasica, Ateneo Fuente, Preparatoria N\u00famero Uno, entre<br>otros.<\/p>\n\n\n\n<p>Para m\u00e1s informaci\u00f3n del evento visitar la p\u00e1gina de Facebook<br>@CoroUniversitarioLobosUAdeC o comunicarse a la Coordinaci\u00f3n General de<br>Difusi\u00f3n y Patrimonio Cultural a los tel\u00e9fonos (844) 410 23 62 y (844) 410 25 42.<\/p>\n","protected":false},"excerpt":{"rendered":"<p>SALTILLO, Coahuila. 24 de mayo de 2023. La Universidad Aut\u00f3noma de Coahuilaa trav\u00e9s de la Coordinaci\u00f3n General de Difusi\u00f3n y Patrimonio Cultural invitan acomunidad universitaria y p\u00fablico en general al Concierto del Coro UniversitarioLobos UAdeC que se llevar\u00e1 acabo este jueves 25 de mayo, a las 19:00 horas, enla Sala Audiovisual \u201cArquitecto Jes\u00fas Ochoa Ruesga\u201d en la UnidadCamporredondo. El evento es gratuito y contar\u00e1 con un programa de 10 obras&#8230;<\/p>\n","protected":false},"author":1,"featured_media":15364,"comment_status":"closed","ping_status":"closed","sticky":false,"template":"","format":"standard","meta":{"footnotes":""},"categories":[2],"tags":[],"class_list":["post-15363","post","type-post","status-publish","format-standard","has-post-thumbnail","hentry","category-uadec","wpcat-2-id"],"_links":{"self":[{"href":"https:\/\/www.aquilaguna.com\/index.php\/wp-json\/wp\/v2\/posts\/15363","targetHints":{"allow":["GET"]}}],"collection":[{"href":"https:\/\/www.aquilaguna.com\/index.php\/wp-json\/wp\/v2\/posts"}],"about":[{"href":"https:\/\/www.aquilaguna.com\/index.php\/wp-json\/wp\/v2\/types\/post"}],"author":[{"embeddable":true,"href":"https:\/\/www.aquilaguna.com\/index.php\/wp-json\/wp\/v2\/users\/1"}],"replies":[{"embeddable":true,"href":"https:\/\/www.aquilaguna.com\/index.php\/wp-json\/wp\/v2\/comments?post=15363"}],"version-history":[{"count":1,"href":"https:\/\/www.aquilaguna.com\/index.php\/wp-json\/wp\/v2\/posts\/15363\/revisions"}],"predecessor-version":[{"id":15365,"href":"https:\/\/www.aquilaguna.com\/index.php\/wp-json\/wp\/v2\/posts\/15363\/revisions\/15365"}],"wp:featuredmedia":[{"embeddable":true,"href":"https:\/\/www.aquilaguna.com\/index.php\/wp-json\/wp\/v2\/media\/15364"}],"wp:attachment":[{"href":"https:\/\/www.aquilaguna.com\/index.php\/wp-json\/wp\/v2\/media?parent=15363"}],"wp:term":[{"taxonomy":"category","embeddable":true,"href":"https:\/\/www.aquilaguna.com\/index.php\/wp-json\/wp\/v2\/categories?post=15363"},{"taxonomy":"post_tag","embeddable":true,"href":"https:\/\/www.aquilaguna.com\/index.php\/wp-json\/wp\/v2\/tags?post=15363"}],"curies":[{"name":"wp","href":"https:\/\/api.w.org\/{rel}","templated":true}]}}