{"id":15381,"date":"2023-05-24T20:14:46","date_gmt":"2023-05-25T02:14:46","guid":{"rendered":"https:\/\/www.aquilaguna.com\/?p=15381"},"modified":"2023-05-24T20:14:46","modified_gmt":"2023-05-25T02:14:46","slug":"cuitlahuac-se-debe-poner-a-trabajar-por-los-veracruzanos-y-no-hacer-el-ridiculo-julen-rementeria","status":"publish","type":"post","link":"https:\/\/www.aquilaguna.com\/index.php\/2023\/05\/24\/cuitlahuac-se-debe-poner-a-trabajar-por-los-veracruzanos-y-no-hacer-el-ridiculo-julen-rementeria\/","title":{"rendered":"CUITL\u00c1HUAC SE DEBE PONER A TRABAJAR POR LOS VERACRUZANOS Y NO HACER EL RID\u00cdCULO: JULEN REMENTER\u00cdA."},"content":{"rendered":"\n<ul class=\"wp-block-list\">\n<li><strong>Durante la sesi\u00f3n permanente en la C\u00e1mara Alta, el legislador veracruzano resalt\u00f3 que su entidad est\u00e1 hundida en inseguridad<\/strong><\/li>\n<\/ul>\n\n\n\n<p>El Coordinador de Senadores de Acci\u00f3n Nacional, Julen Rementer\u00eda del Puerto, exigi\u00f3 al gobernador de Veracruz que se ponga a trabajar por la seguridad de los veracruzanos y no hacer el rid\u00edculo protestando por un poder distinto al suyo.<\/p>\n\n\n\n<p>\u201cLa terrible presentaci\u00f3n que hizo con todos los recursos p\u00fablicos del estado de Veracruz el gobernador Cuitl\u00e1huac Garc\u00eda, vino a hacer realmente el rid\u00edculo, que ni ustedes lo quisieron avalar, ni su presidente de partido quiso reconocerlo. Vino realmente a tropezarse por todos lados, cuando en Veracruz somos segundo lugar en feminicidios, primero en secuestros, cuarto lugar en desaparecidos\u201d, expres\u00f3.<\/p>\n\n\n\n<p>Durante su intervenci\u00f3n en la Sesi\u00f3n de la Comisi\u00f3n Permanente, Rementer\u00eda del Puerto, destac\u00f3 que al grupo oficialista y sus aliados les duele las decisiones de la Corte, que han juzgado y resuelto conforme a derecho.<\/p>\n\n\n\n<p>\u201cValientes como son, quienes integran la Corte, han juzgado y han resuelto conforme a derecho, por m\u00e1s que ustedes lo nieguen. Y el gobernador de Veracruz, organizador de una desagradable manifestaci\u00f3n, que se ponga a trabajar. Eso es lo que tiene que hacer, y no venir a protestar contra un poder distinto al suyo, distinto a este que hace su trabajo y por cierto lo hace bien\u201d, precis\u00f3.<\/p>\n\n\n\n<p>Asimismo, invit\u00f3 a Morena y sus aliados a dejar de denostar al M\u00e1ximo Tribunal Constitucional, deformando las resoluciones de la Corte y por el bien del pa\u00eds que dejen de votar por encargo.<\/p>\n\n\n\n<p>\u201cY luego, una joya, lo que yo escuch\u00e9 hace rato, una verdadera joya, \u201ctenemos que modificar el Poder Judicial de este pa\u00eds, hay que \u201cobradorizarlo\u201d. No puede ser esto. O sea, lo que no quieren ustedes que se haga justicia, lo que quieren es que sea a modo, si no para que esta expresi\u00f3n. Y yo no vi que ninguno de los dem\u00e1s viniera a reconvenirlo. Obradorizar\u201d el Poder Judicial, h\u00e1ganme ustedes el favor, \u201cObradorizar\u201d el Poder Judicial. Nunca, ni en mis peores sue\u00f1os pens\u00e9 que oir\u00eda semejante tonter\u00eda\u201d, apunt\u00f3.<\/p>\n\n\n\n<p>Rementer\u00eda del Puerto destac\u00f3 que lo que el partido en el poder quiere es hacer su santa voluntad y lo que al presidente le d\u00e9 la gana, y lo que m\u00e1s les conviene.<\/p>\n\n\n\n<p>\u201cA se les manda, les ordena, les dicen c\u00f3mo votar, por qui\u00e9n votar y a qu\u00e9 hora votar. Y no digan que no porque as\u00ed es y hay testimonios en los cuatro a\u00f1os en esta Legislatura, en este Congreso, y en las dos legislaturas, en la anterior y la actual, precisamente en C\u00e1mara de Diputados, hay much\u00edsimos ejemplos de esos\u201d, finaliz\u00f3.<\/p>\n","protected":false},"excerpt":{"rendered":"<p>El Coordinador de Senadores de Acci\u00f3n Nacional, Julen Rementer\u00eda del Puerto, exigi\u00f3 al gobernador de Veracruz que se ponga a trabajar por la seguridad de los veracruzanos y no hacer el rid\u00edculo protestando por un poder distinto al suyo. \u201cLa terrible presentaci\u00f3n que hizo con todos los recursos p\u00fablicos del estado de Veracruz el gobernador Cuitl\u00e1huac Garc\u00eda, vino a hacer realmente el rid\u00edculo, que ni ustedes lo quisieron avalar, ni&#8230;<\/p>\n","protected":false},"author":1,"featured_media":0,"comment_status":"closed","ping_status":"closed","sticky":false,"template":"","format":"standard","meta":{"footnotes":""},"categories":[17,51],"tags":[],"class_list":["post-15381","post","type-post","status-publish","format-standard","hentry","category-pan","category-senado","wpcat-17-id","wpcat-51-id"],"_links":{"self":[{"href":"https:\/\/www.aquilaguna.com\/index.php\/wp-json\/wp\/v2\/posts\/15381","targetHints":{"allow":["GET"]}}],"collection":[{"href":"https:\/\/www.aquilaguna.com\/index.php\/wp-json\/wp\/v2\/posts"}],"about":[{"href":"https:\/\/www.aquilaguna.com\/index.php\/wp-json\/wp\/v2\/types\/post"}],"author":[{"embeddable":true,"href":"https:\/\/www.aquilaguna.com\/index.php\/wp-json\/wp\/v2\/users\/1"}],"replies":[{"embeddable":true,"href":"https:\/\/www.aquilaguna.com\/index.php\/wp-json\/wp\/v2\/comments?post=15381"}],"version-history":[{"count":1,"href":"https:\/\/www.aquilaguna.com\/index.php\/wp-json\/wp\/v2\/posts\/15381\/revisions"}],"predecessor-version":[{"id":15382,"href":"https:\/\/www.aquilaguna.com\/index.php\/wp-json\/wp\/v2\/posts\/15381\/revisions\/15382"}],"wp:attachment":[{"href":"https:\/\/www.aquilaguna.com\/index.php\/wp-json\/wp\/v2\/media?parent=15381"}],"wp:term":[{"taxonomy":"category","embeddable":true,"href":"https:\/\/www.aquilaguna.com\/index.php\/wp-json\/wp\/v2\/categories?post=15381"},{"taxonomy":"post_tag","embeddable":true,"href":"https:\/\/www.aquilaguna.com\/index.php\/wp-json\/wp\/v2\/tags?post=15381"}],"curies":[{"name":"wp","href":"https:\/\/api.w.org\/{rel}","templated":true}]}}