{"id":15423,"date":"2023-05-26T18:19:13","date_gmt":"2023-05-27T00:19:13","guid":{"rendered":"https:\/\/www.aquilaguna.com\/?p=15423"},"modified":"2023-05-26T18:19:14","modified_gmt":"2023-05-27T00:19:14","slug":"celebran-en-torreon-10-anos-del-sistema-universitario-de-radio","status":"publish","type":"post","link":"https:\/\/www.aquilaguna.com\/index.php\/2023\/05\/26\/celebran-en-torreon-10-anos-del-sistema-universitario-de-radio\/","title":{"rendered":"Celebran en Torre\u00f3n 10 A\u00f1os del Sistema Universitario de Radio."},"content":{"rendered":"\n<p>TORRE\u00d3N, Coahuila. 26 de mayo de 2023. En el marco del d\u00e9cimo aniversario<br>del Sistema Universitario de Radio de la Universidad Aut\u00f3noma de Coahuila, este<br>viernes en Torre\u00f3n se entregaron distintos reconocimientos a personal y titulares<br>de programas transmitidos en la estaci\u00f3n de Radio Universidad 89.5 FM.<\/p>\n\n\n\n<p>Estuvieron presentes la coordinadora de la Unidad Torre\u00f3n, Sandra L\u00f3pez<br>Chavarr\u00eda; la coordinadora de Comunicaci\u00f3n y Relaciones P\u00fablicas de la UAdeC,<br>Julieta Carabaza Gonz\u00e1lez; el subcoordinador del Sistema Universitario de Radio<br>y Medios Digitales, Sergio Ar\u00e9valo Aguirre; el jefe Operativo de Radio Universidad<br>Torre\u00f3n, Orlando Espino Castillo, invitados especiales y comunidad universitaria<br>de la Unidad Torre\u00f3n.<\/p>\n\n\n\n<p>En su mensaje, la coordinadora de la UT, Sandra L\u00f3pez Chavarr\u00eda reconoci\u00f3 la<br>labor de las y los colaboradores del Sistema Universitario de Radio, quienes han<br>dejado huella en los programas con interesantes contenidos a lo largo de una<br>d\u00e9cada y que dan a conocer el quehacer universitario a trav\u00e9s de este medio<br>tradicional.<\/p>\n\n\n\n<p>Por su parte, la coordinadora de Comunicaci\u00f3n y Relaciones P\u00fablicas, Julieta<br>Carabaza Gonz\u00e1lez, expres\u00f3 el orgullo de contar con un medio de comunicaci\u00f3n<br>para todas y todos los universitarios; agradeci\u00f3 a quienes han estado detr\u00e1s de<br>este gran esfuerzo, as\u00ed como a la defensora de audiencias, la Mtra. Renata<br>Chapa, al Consejo de radio dirigido por la Lic. Gema Cardiel, al jefe operativo de<br>Radio Universidad de Torre\u00f3n, Orlando Espino Castillo y a la comunidad<br>universitaria.<\/p>\n\n\n\n<p>Algunos de los programas reconocidos fueron: Office Geek, Irritila radio, Terapia<br>Infantil, Deporte universitario, Somos chavos, Radiocomio, \u00bfQui\u00e9n podr\u00e1<br>defenderme?, Catedral hip hop, Animal Radio, Mujer UAdeC, Cultura total, Cami\u00f3n<br>de Ruta, Sexoactivate, Mirando a fondo, Acariciando tus sentidos, Mundo<br>Universitario, Pasi\u00f3n, arte y cultura.<\/p>\n\n\n\n<p>Adem\u00e1s de Taller de Literatura, Expresi\u00f3n cultural, Mujeres UAdeC, No te<br>enredes, Deporte universitario, El Librero, Balance perfecto, Los especialistas, La<br>tacita de caf\u00e9, Uniendo contigo, Cazando cuentos, Serenata rom\u00e1ntica, Toca la<br>Camerata, Relativo, Treapness, Fiesta mexicana y Seguridad en radio.<\/p>\n\n\n\n<p>La celebraci\u00f3n de los 10 a\u00f1os de Radio Universidad reconoce el valioso aporte de<br>los programas y personalidades que han sido parte de esta destacada emisora, su<br>compromiso con la difusi\u00f3n de contenidos relevantes y de calidad han dejado una<br>huella en la comunidad universitaria y en la audiencia en general.<\/p>\n","protected":false},"excerpt":{"rendered":"<p>TORRE\u00d3N, Coahuila. 26 de mayo de 2023. En el marco del d\u00e9cimo aniversariodel Sistema Universitario de Radio de la Universidad Aut\u00f3noma de Coahuila, esteviernes en Torre\u00f3n se entregaron distintos reconocimientos a personal y titularesde programas transmitidos en la estaci\u00f3n de Radio Universidad 89.5 FM. Estuvieron presentes la coordinadora de la Unidad Torre\u00f3n, Sandra L\u00f3pezChavarr\u00eda; la coordinadora de Comunicaci\u00f3n y Relaciones P\u00fablicas de la UAdeC,Julieta Carabaza Gonz\u00e1lez; el subcoordinador del Sistema&#8230;<\/p>\n","protected":false},"author":1,"featured_media":15424,"comment_status":"closed","ping_status":"closed","sticky":false,"template":"","format":"standard","meta":{"footnotes":""},"categories":[7,2],"tags":[],"class_list":["post-15423","post","type-post","status-publish","format-standard","has-post-thumbnail","hentry","category-torreon","category-uadec","wpcat-7-id","wpcat-2-id"],"_links":{"self":[{"href":"https:\/\/www.aquilaguna.com\/index.php\/wp-json\/wp\/v2\/posts\/15423","targetHints":{"allow":["GET"]}}],"collection":[{"href":"https:\/\/www.aquilaguna.com\/index.php\/wp-json\/wp\/v2\/posts"}],"about":[{"href":"https:\/\/www.aquilaguna.com\/index.php\/wp-json\/wp\/v2\/types\/post"}],"author":[{"embeddable":true,"href":"https:\/\/www.aquilaguna.com\/index.php\/wp-json\/wp\/v2\/users\/1"}],"replies":[{"embeddable":true,"href":"https:\/\/www.aquilaguna.com\/index.php\/wp-json\/wp\/v2\/comments?post=15423"}],"version-history":[{"count":1,"href":"https:\/\/www.aquilaguna.com\/index.php\/wp-json\/wp\/v2\/posts\/15423\/revisions"}],"predecessor-version":[{"id":15425,"href":"https:\/\/www.aquilaguna.com\/index.php\/wp-json\/wp\/v2\/posts\/15423\/revisions\/15425"}],"wp:featuredmedia":[{"embeddable":true,"href":"https:\/\/www.aquilaguna.com\/index.php\/wp-json\/wp\/v2\/media\/15424"}],"wp:attachment":[{"href":"https:\/\/www.aquilaguna.com\/index.php\/wp-json\/wp\/v2\/media?parent=15423"}],"wp:term":[{"taxonomy":"category","embeddable":true,"href":"https:\/\/www.aquilaguna.com\/index.php\/wp-json\/wp\/v2\/categories?post=15423"},{"taxonomy":"post_tag","embeddable":true,"href":"https:\/\/www.aquilaguna.com\/index.php\/wp-json\/wp\/v2\/tags?post=15423"}],"curies":[{"name":"wp","href":"https:\/\/api.w.org\/{rel}","templated":true}]}}