{"id":15437,"date":"2023-05-28T18:35:14","date_gmt":"2023-05-29T00:35:14","guid":{"rendered":"https:\/\/www.aquilaguna.com\/?p=15437"},"modified":"2023-05-28T18:35:14","modified_gmt":"2023-05-29T00:35:14","slug":"aqui-laguna-232","status":"publish","type":"post","link":"https:\/\/www.aquilaguna.com\/index.php\/2023\/05\/28\/aqui-laguna-232\/","title":{"rendered":"Aqu\u00ed Laguna."},"content":{"rendered":"\n<p>\u00a1Vaya euforia, entusiasmo! Elementos consustanciales a cualquier campa\u00f1a pol\u00edtica que lo haya logrado generar y como se  testimoni\u00f3 quienes estuvieron presentes, para acompa\u00f1ar\u00a0 en\u00a0 la lluviosa tarde del pasado s\u00e1bado, bajo la gigantesca c\u00fapula del Auditorio Municipal,\u00a0 al candidato de la Alianza Ciudadana por\u00a0 la Seguridad\u00a0 Manolo Jim\u00e9nez Salinas\u00a0 en el acto que cual\u00a0 colof\u00f3n\u00a0 a su paso por estas tierras en busca del voto ciudadano, tr\u00e1nsito a culminar\u00a0 el\u00a0 domingo pr\u00f3ximo en las\u00a0 urnas. Bueno diremos que ni la actuaci\u00f3n de\u00a0 la regiomontana Alicia Villarreal \u00a0 sum\u00f3 un tercio de lo sumado por el\u00a0 aspirante, recibido por tal audiencia\u00a0 en inacabable coro de \u00a1\u00a1Gobernador, Gobernador! con el que fuera recibido al arribo a tal sitio. Ah\u00ed lo esperaba ya\u00a0 el controversial Alito Moreno\u00a0 y\u00a0 todo el stablishment pol\u00edtico lagunero\u00a0 que inclu\u00eda a los candidatos a diputados, tanto los repetidores como los &#8220;caras nuevas&#8221; en contienda,\u00a0 as\u00ed como las dirigencias estatales del Partido Acci\u00f3n Nacional y de la Revoluci\u00f3n Democr\u00e1tica y algunos &#8220;colados&#8221; o invitados, vaya usted a saber, como el ex gobernador Silvano Aureoles, m\u00e1s otros que no alcanzaron sitio en el gigantesco presidium habilitado, como fue el caso del delegado\u00a0 del Comit\u00e9 Ejecutivo priista Paco Cienfuegos, adem\u00e1s, ah\u00ed mismo el Licenciado Eduardo Olmos\u00a0 Castro\u00a0e incluso un \u00a0 diputado, el profesor Mario Cepeda Ram\u00edrez, quien al parecer logr\u00f3\u00a0 recuperar\u00a0 ya\u00a0 la\u00a0 f\u00e9 que tenia mas que perdida\u00a0 cuando\u00a0 le hac\u00eda al ap\u00f3stata hace solo unos meses, en el Partido tricolor.<\/p>\n\n\n\n<p>El acto pol\u00edtico\u00a0 de concentraci\u00f3n exhibida de paso,\u00a0 la organizaci\u00f3n\u00a0 alcanzada y visible\u00a0 desde el inicio de la campa\u00f1a y en la cual, \u00a0 bajo\u00a0 el cuidadoso seguimiento del dirigente estatal Rodrigo Fuentes Avila\u00a0 se hizo evidente, y en la que en este acto, tuvo tambi\u00e9n mucho que ver la acci\u00f3n desplegada por el equipo \u00a0 logrado para tales tareas\u00a0 en Torre\u00f3n y que est\u00e1n a cargo de la Senadora Ver\u00f3nica Mart\u00ednez\u00a0 a quien se le vio\u00a0 sin menoscabo de su cargo realizar\u00a0 las m\u00e1s diversas\u00a0 acciones y tareas para alcanzar el \u00e9xito\u00a0 alcanzado\u00a0 en esta reuni\u00f3n que \u00a0 en materia de intangibles monstruo a propios extra\u00f1os la unidad\u00a0 construida\u00a0 por los partidos en alianza, no solo al interior del PRI\u00a0 de donde surgi\u00f3 el candidato, si bien hubo un c\u00e1lido y\u00a0 muy prolongado aplauso en reconocimiento a lo que est\u00e1 aportando en esta fuerza aliancista el capital generado en el bien\u00a0 hacer\u00a0 que suma y se le reconoce al Gobernador, el Ingeniero Miguel Angel Riquelme Solis.<\/p>\n\n\n\n<p>Y por ac\u00e1, en\u00a0 la secci\u00f3n\u00a0 central del Auditorio,\u00a0 muy bien portados, silenciosos\u00a0enfiladitos en\u00a0 su sitio asignado previamente, hundidos muchos\u00a0 en sus pensamientos, los ex alcaldes\u00a0 de este municipio, no solo quienes fueron titulares de tal cargo en los \u00faltimos a\u00f1os y han sobrevivido\u00a0 al\u00a0 inclemente paso del tiempo del tiempo, sino tambi\u00e9n su quienes fueron sus suplentes -salvo claro, Jorge Luis Mor\u00e1n-, que acuerpaban\u00a0 extra\u00f1amente\u00a0 en tal selecci\u00f3n a un\u00a0 propietario de un Medio regional, el resto suficientemente provisto de banderolas,\u00a0gorras y portando camisetas alusivas a la organizaci\u00f3n adherente en este acto\u00a0 daban \u00a0 colorido al\u00a0 lugar.<\/p>\n\n\n\n<p>Y lo mejor del acto, solo tuvo dos oradores,\u00a0 el primero\u00a0 Alito\u00a0 con un discurso convocante a la unidad y la participaci\u00f3n\u00a0 \u00a0 sin olvidar\u00a0 \u00a0 expresar singular agradecimiento\u00a0 &#8220;por su apoyo en tiempos aciagos,\u00a0 los m\u00e1s dif\u00edciles padecidos por el priismo se tuvo el apoyo de Coahuila&#8221;, recordando\u00a0 luego, &#8220;el 4 de junio nos jugamos el presente y futuro de M\u00e9xico, Los necesitamos a todos&#8221;,\u00a0 convocatoria que luego remat\u00f3\u00a0 el candidato\u00a0 Manolo \u00a0 encendiendo\u00a0 los \u00e1nimos\u00a0 del respetable con un contundente &#8220;Les vamos a partir su madre, el 4 de junio&#8221;, convocatoria a las que\u00a0 muy entusiasmada\u00a0 se uni\u00f3 la audiencia.<\/p>\n\n\n\n<p>No puede dejar de citarse la presencia del alcalde Rom\u00e1n Alberto Cepeda Gonz\u00e1lez, con su reaparici\u00f3n en la\u00a0 tal escenario, el pasado s\u00e1bado, tras breve\u00a0 ausencia en su cargo,\u00a0 estimada en alrededor de una semana, suficiente para que le lloviera todo tipo de cr\u00edticas, pues claro es que\u00a0 quienes desempe\u00f1an un cargo p\u00fablico\u00a0 tiene derecho como cualquier otro trabajador o hijo de vecino a un periodo de asueto, pues generalmente lo merecen, todo bien salvo que al edil se le olvid\u00f3 comunicar su ausencia, y designar aunque hubiera sido de facto o solicitar\u00a0 ausencia temporal ante el Congreso a quien lo supliera\u00a0 en sus responsabilidades. En fin ya esta de nueva cuenta aqu\u00ed y sin duda, para\u00a0 reanudar m\u00e1s all\u00e1 de una semana m\u00e1s el concretar proyectos cuya envergadura requieren tiempo, el factor que ya se le agota a los alcaldes en Coahuila&#8230;<\/p>\n\n\n\n<p>Y entre los de enfrente, pues ni hablar, \u00a0por cada d\u00eda transcurrido\u00a0 se cuenta un sainete,\u00a0 ya ven como se les gasta no solo el vapuleado tigrillo Mej\u00eda Berdeja, despojado de la manta protectora de la 4-T que trat\u00f3 de usufructuar\u00a0 fraudulentamente, hasta que fuera\u00a0 deslegitimada tal pretensi\u00f3n, por boca del mism\u00edsimo Andr\u00e9s L\u00f3pez Obrador, desde su p\u00falpito\u00a0 ma\u00f1anero. Las palabras de \u1e55este sonaron como pistoletazo. Vamos a ver\u00a0 que sainete\u00a0 protagoniza en los tres d\u00edas que le restan de tiempo electoral al singular personaje&#8230;<\/p>\n\n\n\n<p>En tanto otro candidato m\u00e1s que &#8220;no canta mal las rancheros&#8221;\u00a0 resulta ser\u00a0 Armando Guadiana Tijerina, primero con sus lastimosos, pla\u00f1ideros\u00a0 llamados a que sus contrincantes\u00a0 se le unan a su fallida\u00a0 campa\u00f1a, coreado por &#8220;las corcholatas&#8221; que cumpliendo mandato presidencial\u00a0 arribaron a Coahuila\u00a0 en su apoyo, cual invitados de piedra,\u00a0 como fue el caso del \u00faltimo visitante Marcelo\u00a0 Ebrard solo para no incurrir en indisciplina ante el jefe, virtual jefe de la diplomacia mexicana, sobre todo en el caso que se registra con Per\u00fa.<\/p>\n\n\n\n<p>Asi vimos la lastimosa &#8220;actuaci\u00f3n&#8221; a cargo de la dirigencia nacional del PVEM,\u00a0 y sus l\u00edderes \u00a0 de facto y\u00a0 el &#8220;l\u00edder moral&#8221;\u00a0 Manuel Velasco que consum\u00f3 tal acci\u00f3n solo para que lo\u00a0 incluyeran en el club de las corcholatas\u00a0 bajando por ello\u00a0 su logo \u00a0 en uni\u00f3n con la UDC, con todo y que tal hecho se realizara\u00a0 al cuarto para las doce cuando\u00a0 ya no se registrara efecto legal alguno en ello, no deja de resultar un episodio\u00a0 vergonzoso. Ya estaremos viendo en los d\u00edas o semanas pr\u00f3ximas donde guard\u00f3 la cara y su humanidad, el l\u00edder moral \u00a0de los verdes en Coahuila, Jos\u00e9 Refugio Sandoval.<\/p>\n\n\n\n<p>Con todo y que en pol\u00edtica, dicen la traici\u00f3n es moneda de uso, no deja de resultar penoso este episodio, que ciertamente enaltece al ofendido,\u00a0 que registra\u00a0 tal golpe, en este caso Lenin P\u00e9rez\u00a0 que con todo y ello no se dobl\u00f3, no declina, no se baja de la contienda.<\/p>\n\n\n\n<p>Ciertamente y ante las presiones nacionales, \u00a0 en estos escenarios y a tres d\u00edas de concluir las campa\u00f1as no puede descartar nada, incluso que el PT saque\u00a0 sus canicas\u00a0 de este juego, solo bajo la oferta, la presi\u00f3n m\u00e1s bien de participar &#8220;y\u00a0ganar supervivencia&#8221;\u00a0en el 2024.<\/p>\n","protected":false},"excerpt":{"rendered":"<p>\u00a1Vaya euforia, entusiasmo! Elementos consustanciales a cualquier campa\u00f1a pol\u00edtica que lo haya logrado generar y como se testimoni\u00f3 quienes estuvieron presentes, para acompa\u00f1ar\u00a0 en\u00a0 la lluviosa tarde del pasado s\u00e1bado, bajo la gigantesca c\u00fapula del Auditorio Municipal,\u00a0 al candidato de la Alianza Ciudadana por\u00a0 la Seguridad\u00a0 Manolo Jim\u00e9nez Salinas\u00a0 en el acto que cual\u00a0 colof\u00f3n\u00a0 a su paso por estas tierras en busca del voto ciudadano, tr\u00e1nsito a culminar\u00a0 el\u00a0&#8230;<\/p>\n","protected":false},"author":2,"featured_media":0,"comment_status":"closed","ping_status":"","sticky":false,"template":"","format":"standard","meta":{"footnotes":""},"categories":[8],"tags":[],"class_list":["post-15437","post","type-post","status-publish","format-standard","hentry","category-aqui-laguna","wpcat-8-id"],"_links":{"self":[{"href":"https:\/\/www.aquilaguna.com\/index.php\/wp-json\/wp\/v2\/posts\/15437","targetHints":{"allow":["GET"]}}],"collection":[{"href":"https:\/\/www.aquilaguna.com\/index.php\/wp-json\/wp\/v2\/posts"}],"about":[{"href":"https:\/\/www.aquilaguna.com\/index.php\/wp-json\/wp\/v2\/types\/post"}],"author":[{"embeddable":true,"href":"https:\/\/www.aquilaguna.com\/index.php\/wp-json\/wp\/v2\/users\/2"}],"replies":[{"embeddable":true,"href":"https:\/\/www.aquilaguna.com\/index.php\/wp-json\/wp\/v2\/comments?post=15437"}],"version-history":[{"count":1,"href":"https:\/\/www.aquilaguna.com\/index.php\/wp-json\/wp\/v2\/posts\/15437\/revisions"}],"predecessor-version":[{"id":15438,"href":"https:\/\/www.aquilaguna.com\/index.php\/wp-json\/wp\/v2\/posts\/15437\/revisions\/15438"}],"wp:attachment":[{"href":"https:\/\/www.aquilaguna.com\/index.php\/wp-json\/wp\/v2\/media?parent=15437"}],"wp:term":[{"taxonomy":"category","embeddable":true,"href":"https:\/\/www.aquilaguna.com\/index.php\/wp-json\/wp\/v2\/categories?post=15437"},{"taxonomy":"post_tag","embeddable":true,"href":"https:\/\/www.aquilaguna.com\/index.php\/wp-json\/wp\/v2\/tags?post=15437"}],"curies":[{"name":"wp","href":"https:\/\/api.w.org\/{rel}","templated":true}]}}