{"id":15488,"date":"2023-05-31T19:46:46","date_gmt":"2023-06-01T01:46:46","guid":{"rendered":"https:\/\/www.aquilaguna.com\/?p=15488"},"modified":"2023-05-31T19:46:47","modified_gmt":"2023-06-01T01:46:47","slug":"presenta-rector-de-la-uadec-el-libro-los-maximos-y-minimos-en-su-relacion-con-los-metodos-geometricos-y-algebraicos","status":"publish","type":"post","link":"https:\/\/www.aquilaguna.com\/index.php\/2023\/05\/31\/presenta-rector-de-la-uadec-el-libro-los-maximos-y-minimos-en-su-relacion-con-los-metodos-geometricos-y-algebraicos\/","title":{"rendered":"Presenta Rector de la UAdeC el Libro \u201cLos m\u00e1ximos y m\u00ednimos en su relaci\u00f3n con los m\u00e9todos geom\u00e9tricos y algebraicos\u201d."},"content":{"rendered":"\n<p>SALTILLO, Coahuila. 31 de mayo de 2023. En el auditorio de la Facultad de<br>Ciencias, Educaci\u00f3n y Humanidades de la Universidad Aut\u00f3noma de Coahuila se<br>llev\u00f3 a cabo la presentaci\u00f3n del libro \u201cLos m\u00e1ximos y m\u00ednimos en su relaci\u00f3n con<br>los m\u00e9todos geom\u00e9tricos y algebraicos\u201d de la autor\u00eda del rector Salvador<br>Hern\u00e1ndez V\u00e9lez.<\/p>\n\n\n\n<p>Los comentarios estuvieron a cargo de la directora del Centro de Investigaci\u00f3n en<br>Matem\u00e1ticas Aplicadas (CIMA), Irma Delia Garc\u00eda Calvillo; los docentes de la<br>Facultad de Ciencias F\u00edsico Matem\u00e1ticas, Alibeit Kakes Cruz y Jos\u00e9 David<br>Zald\u00edvar Rojas, ante comunidad docente, funcionariado universitario, directivos de<br>Escuelas y Facultades de la UAdeC y p\u00fablico en general.<\/p>\n\n\n\n<p>La bienvenida estuvo a cargo de la Dra. Irma Delia Garc\u00eda Calvillo quien hizo un<br>breve recorrido por los nueve cap\u00edtulos que conforman la obra literaria, dijo que<br>este libro impacta y abona de manera importante, did\u00e1ctica y sobre todo con<br>utilidad al c\u00e1lculo de m\u00e1ximos y m\u00ednimos sin utilizar directamente el c\u00e1lculo<br>diferencial, sino manipulando conceptos geom\u00e9tricos y algebraicos de forma<br>interesante.<\/p>\n\n\n\n<p>Agreg\u00f3 que el libro es valioso ya que muestra de forma cotidiana los conceptos a<br>nuevos lectores, acerca a las matem\u00e1ticas a personas que quiz\u00e1 le temen a esta<br>ciencia, ya que muestra la utilidad de esta ciencia y sobre todo que pueden ser<br>comprendidas, entendidas, aplicadas y divertidas.<\/p>\n\n\n\n<p>Durante su intervenci\u00f3n, el rector Salvador Hern\u00e1ndez V\u00e9lez, agradeci\u00f3 a las<br>personas que colaboraron en la revisi\u00f3n del texto, dijo que la idea de escribir este<br>libro surgi\u00f3 cuando termin\u00f3 sus estudios de Ingenier\u00eda en 1974 y lo invitaron a dar<br>clases de matem\u00e1ticas donde se dio cuenta de que no por llevar esa materia en la<br>carrera ten\u00eda el conocimiento para impartirla.<\/p>\n\n\n\n<p>Situaci\u00f3n que los estudiantes le hicieron ver al preguntarle para que les iba a<br>servir lo que les estaba ense\u00f1ando, para lo que no tuvo una respuesta, por lo que<br>a ra\u00edz de ese momento se pregunt\u00f3 c\u00f3mo ense\u00f1arles y empez\u00f3 a leer la historia<br>de las matem\u00e1ticas y a estudiar cuestiones did\u00e1cticas, pedag\u00f3gicas,<br>epistemol\u00f3gicas y las teor\u00edas cognitivas para entender c\u00f3mo son los procesos de<br>formaci\u00f3n de los conceptos abstractos, los procesos de la elaboraci\u00f3n de<br>conceptos, entre otros.<\/p>\n\n\n\n<p>El docente Alibeit Kakes Cruz dijo que lo que le gust\u00f3 del libro es que hay una<br>dosificaci\u00f3n del conocimiento, ya que va poco a poco introduciendo en situaciones<br>de la vida real de manera que el alumno o el lector no se turbe con esa atracci\u00f3n<br>matem\u00e1tica, lo va dosificando de esa manera para resolver problemas, algo que<br>es importante sobre todo para lectores que busquen iniciarse en conocimientos<br>previos, entre ellos estudiantes de secundaria o preparatoria, ya que \u00e9stos se ven<br>involucrado en tres aspectos importantes: lo verbal, lo algebraico y los gr\u00e1ficos.<\/p>\n\n\n\n<p>Por su parte, el docente Jos\u00e9 David Zald\u00edvar Rojas, agradeci\u00f3 la invitaci\u00f3n y<br>felicit\u00f3 al Rector por este material que pone a disposici\u00f3n de todas y todos; agreg\u00f3<br>que el libro puede ser tanto \u00fatil para los estudiantes, as\u00ed como para aquellos<br>profesores de matem\u00e1ticas que quieran buscar ejemplos y promoverlos en el aula.<\/p>\n\n\n\n<p>Al final de la presentaci\u00f3n, se desarroll\u00f3 una sesi\u00f3n de preguntas y respuestas con<br>el p\u00fablico asistente.<\/p>\n","protected":false},"excerpt":{"rendered":"<p>SALTILLO, Coahuila. 31 de mayo de 2023. En el auditorio de la Facultad deCiencias, Educaci\u00f3n y Humanidades de la Universidad Aut\u00f3noma de Coahuila sellev\u00f3 a cabo la presentaci\u00f3n del libro \u201cLos m\u00e1ximos y m\u00ednimos en su relaci\u00f3n conlos m\u00e9todos geom\u00e9tricos y algebraicos\u201d de la autor\u00eda del rector SalvadorHern\u00e1ndez V\u00e9lez. Los comentarios estuvieron a cargo de la directora del Centro de Investigaci\u00f3n enMatem\u00e1ticas Aplicadas (CIMA), Irma Delia Garc\u00eda Calvillo; los docentes&#8230;<\/p>\n","protected":false},"author":1,"featured_media":15489,"comment_status":"closed","ping_status":"closed","sticky":false,"template":"","format":"standard","meta":{"footnotes":""},"categories":[2],"tags":[],"class_list":["post-15488","post","type-post","status-publish","format-standard","has-post-thumbnail","hentry","category-uadec","wpcat-2-id"],"_links":{"self":[{"href":"https:\/\/www.aquilaguna.com\/index.php\/wp-json\/wp\/v2\/posts\/15488","targetHints":{"allow":["GET"]}}],"collection":[{"href":"https:\/\/www.aquilaguna.com\/index.php\/wp-json\/wp\/v2\/posts"}],"about":[{"href":"https:\/\/www.aquilaguna.com\/index.php\/wp-json\/wp\/v2\/types\/post"}],"author":[{"embeddable":true,"href":"https:\/\/www.aquilaguna.com\/index.php\/wp-json\/wp\/v2\/users\/1"}],"replies":[{"embeddable":true,"href":"https:\/\/www.aquilaguna.com\/index.php\/wp-json\/wp\/v2\/comments?post=15488"}],"version-history":[{"count":1,"href":"https:\/\/www.aquilaguna.com\/index.php\/wp-json\/wp\/v2\/posts\/15488\/revisions"}],"predecessor-version":[{"id":15490,"href":"https:\/\/www.aquilaguna.com\/index.php\/wp-json\/wp\/v2\/posts\/15488\/revisions\/15490"}],"wp:featuredmedia":[{"embeddable":true,"href":"https:\/\/www.aquilaguna.com\/index.php\/wp-json\/wp\/v2\/media\/15489"}],"wp:attachment":[{"href":"https:\/\/www.aquilaguna.com\/index.php\/wp-json\/wp\/v2\/media?parent=15488"}],"wp:term":[{"taxonomy":"category","embeddable":true,"href":"https:\/\/www.aquilaguna.com\/index.php\/wp-json\/wp\/v2\/categories?post=15488"},{"taxonomy":"post_tag","embeddable":true,"href":"https:\/\/www.aquilaguna.com\/index.php\/wp-json\/wp\/v2\/tags?post=15488"}],"curies":[{"name":"wp","href":"https:\/\/api.w.org\/{rel}","templated":true}]}}