{"id":15647,"date":"2023-06-08T18:51:23","date_gmt":"2023-06-09T00:51:23","guid":{"rendered":"https:\/\/www.aquilaguna.com\/?p=15647"},"modified":"2023-06-08T18:51:23","modified_gmt":"2023-06-09T00:51:23","slug":"buscara-ayuntamiento-de-torreon-financiamiento-para-drenaje-pluvial-en-congreso-internacional","status":"publish","type":"post","link":"https:\/\/www.aquilaguna.com\/index.php\/2023\/06\/08\/buscara-ayuntamiento-de-torreon-financiamiento-para-drenaje-pluvial-en-congreso-internacional\/","title":{"rendered":"Buscar\u00e1 Ayuntamiento de Torre\u00f3n financiamiento para drenaje pluvial en congreso internacional."},"content":{"rendered":"\n<p>Torre\u00f3n, Coahuila.- El municipio estar\u00e1 participando\u00a0 desde el\u00a0 12 y hasta el 15 de julio del a\u00f1o en curso,  en el XIV Congreso Internacional\u00a0 de Metr\u00f3polis Sustentables\u00a0 que tendr\u00e1 lugar\u00a0 en\u00a0 Bruselas B\u00e9lgica \u00a0 al resultar incluida entre 40 \u00a0 participantes como uno de los \u00a0 proyectos \u00a0 \u00a0 presentados para \u00a0 conocer posible soluci\u00f3n en este caso,\u00a0 al hist\u00f3rico problema\u00a0 de la falta de drenaje pluvial del sur oriente y sur de Torre\u00f3n, y que fuera enviado\u00a0 para su consideraci\u00f3n\u00a0 por Fomec y la administraci\u00f3n municipal.<\/p>\n\n\n\n<p>Lo anterior fue dado a conocer por el alcalde Rom\u00e1n Alberto Cepeda Gonz\u00e1lez, quien estar\u00e1 presidiendo al grupo de\u00a0 sus colaboradores\u00a0 que estar\u00e1n acompa\u00f1\u00e1ndolo en\u00a0 tal presentaci\u00f3n, y cuya salida del pa\u00eds, se fij\u00f3 para el dia 12 de\u00a0 julio\u00a0 pr\u00f3ximo.<\/p>\n\n\n\n<p>En este encuentro internacional, se sostendr\u00e1 tambi\u00e9n una reuni\u00f3n previa los d\u00edas 13 y 14 de julio\u00a0 con directivos del Banco Mundial, la ONU\u00a0 y otros organismos para \u00a0 buscar los financiamientos\u00a0 necesarios -1,800 millones de pesos-,\u00a0 a fondo perdido que animan estos\u00a0 organismos.<\/p>\n\n\n\n<p>El Foro del mencionado, &#8220;incluye a Torre\u00f3n entre las seis ciudades que pueden ser susceptibles de apoyo y vamos a hacer justamente \u00a0 la presentaci\u00f3n de tal proyecto\u00a0 que\u00a0 est\u00e1 planteado en cuatro etapas, el d\u00eda 15&#8221;, indicando el edil que ha recibido ya la invitaci\u00f3n correspondiente y obvio, &#8220;aceptado tal oportunidad hist\u00f3rica para \u00a0 dar soluci\u00f3n a un problema tambi\u00e9n hist\u00f3rico en la ciudad, que de lograrse\u00a0 va a involucrar \u00a0 alrededor de 100 millones de Euros&#8221;.<\/p>\n","protected":false},"excerpt":{"rendered":"<p>Torre\u00f3n, Coahuila.- El municipio estar\u00e1 participando\u00a0 desde el\u00a0 12 y hasta el 15 de julio del a\u00f1o en curso, en el XIV Congreso Internacional\u00a0 de Metr\u00f3polis Sustentables\u00a0 que tendr\u00e1 lugar\u00a0 en\u00a0 Bruselas B\u00e9lgica \u00a0 al resultar incluida entre 40 \u00a0 participantes como uno de los \u00a0 proyectos \u00a0 \u00a0 presentados para \u00a0 conocer posible soluci\u00f3n en este caso,\u00a0 al hist\u00f3rico problema\u00a0 de la falta de drenaje pluvial del sur oriente&#8230;<\/p>\n","protected":false},"author":2,"featured_media":0,"comment_status":"closed","ping_status":"","sticky":false,"template":"","format":"standard","meta":{"footnotes":""},"categories":[32,5,28,82,7],"tags":[],"class_list":["post-15647","post","type-post","status-publish","format-standard","hentry","category-agua","category-coahuila","category-la-laguna","category-simas","category-torreon","wpcat-32-id","wpcat-5-id","wpcat-28-id","wpcat-82-id","wpcat-7-id"],"_links":{"self":[{"href":"https:\/\/www.aquilaguna.com\/index.php\/wp-json\/wp\/v2\/posts\/15647","targetHints":{"allow":["GET"]}}],"collection":[{"href":"https:\/\/www.aquilaguna.com\/index.php\/wp-json\/wp\/v2\/posts"}],"about":[{"href":"https:\/\/www.aquilaguna.com\/index.php\/wp-json\/wp\/v2\/types\/post"}],"author":[{"embeddable":true,"href":"https:\/\/www.aquilaguna.com\/index.php\/wp-json\/wp\/v2\/users\/2"}],"replies":[{"embeddable":true,"href":"https:\/\/www.aquilaguna.com\/index.php\/wp-json\/wp\/v2\/comments?post=15647"}],"version-history":[{"count":1,"href":"https:\/\/www.aquilaguna.com\/index.php\/wp-json\/wp\/v2\/posts\/15647\/revisions"}],"predecessor-version":[{"id":15648,"href":"https:\/\/www.aquilaguna.com\/index.php\/wp-json\/wp\/v2\/posts\/15647\/revisions\/15648"}],"wp:attachment":[{"href":"https:\/\/www.aquilaguna.com\/index.php\/wp-json\/wp\/v2\/media?parent=15647"}],"wp:term":[{"taxonomy":"category","embeddable":true,"href":"https:\/\/www.aquilaguna.com\/index.php\/wp-json\/wp\/v2\/categories?post=15647"},{"taxonomy":"post_tag","embeddable":true,"href":"https:\/\/www.aquilaguna.com\/index.php\/wp-json\/wp\/v2\/tags?post=15647"}],"curies":[{"name":"wp","href":"https:\/\/api.w.org\/{rel}","templated":true}]}}