{"id":15714,"date":"2023-06-13T18:33:13","date_gmt":"2023-06-14T00:33:13","guid":{"rendered":"https:\/\/www.aquilaguna.com\/?p=15714"},"modified":"2023-06-13T18:33:14","modified_gmt":"2023-06-14T00:33:14","slug":"capacitan-a-agentes-del-grupo-de-motociclistas-en-conduccion-de-unidades-de-emergencia","status":"publish","type":"post","link":"https:\/\/www.aquilaguna.com\/index.php\/2023\/06\/13\/capacitan-a-agentes-del-grupo-de-motociclistas-en-conduccion-de-unidades-de-emergencia\/","title":{"rendered":"Capacitan a agentes del grupo de motociclistas en conducci\u00f3n de unidades de emergencia."},"content":{"rendered":"\n<p>Torre\u00f3n, Coahuila. \u2013 A 13 de junio de 2023.<\/p>\n\n\n\n<p>Agentes del grupo de motociclistas de la Direcci\u00f3n de Vialidad y Movilidad Urbana<br>de Torre\u00f3n, reciben capacitaci\u00f3n en la conducci\u00f3n y operaci\u00f3n de veh\u00edculos de<br>emergencia, con el objetivo de eliminar los riesgos a la hora de acudir a atender<br>un hecho de tr\u00e1nsito.<\/p>\n\n\n\n<p>Luis Alberto Morales Cort\u00e9s, director de la dependencia, dijo que se imparte la<br>capacitaci\u00f3n a agentes del grupo de motociclistas, para que aprendan a tener un<br>mejor control de este tipo de veh\u00edculos, en caso de tener que realizar alguna<br>maniobra al dirigirse a atender alg\u00fan reporte.<\/p>\n\n\n\n<p>El funcionario mencion\u00f3 que la capacitaci\u00f3n y certificaci\u00f3n la imparte personal del<br>Instituto de Capacitaci\u00f3n para el Trabajo del Estado de Coahuila (ICATEC), y<br>cuenta con validez oficial de la Secretar\u00eda de Educaci\u00f3n P\u00fablica (SEP).<\/p>\n\n\n\n<p>\u201cLa intenci\u00f3n es generar conocimientos y desarrollo de habilidades para que<br>conduzcan de manera segura, ya que debido a sus funciones tienen que<br>trasladarse de emergencia a alg\u00fan sitio, y necesitan de precisi\u00f3n en caso de tener<br>que realizar alguna maniobra en motocicleta\u201d, explic\u00f3 Morales Cort\u00e9s.<\/p>\n\n\n\n<p>El curso te\u00f3rico se desarrolla en las instalaciones del Centro de Educaci\u00f3n Vial<br>\u201cCarlos de la Cueva\u201d, y las pr\u00e1cticas se llevan a cabo en el estacionamiento de la<br>\u201cFeria de Torre\u00f3n\u201d.<\/p>\n\n\n\n<p>Los temas de la capacitaci\u00f3n son: introducci\u00f3n al manejo defensivo, situaciones<br>de tr\u00e1fico, frenado de emergencia, distancia prudencial, profesionalismo, h\u00e1bitos<br>visuales, curvas, intersecciones, entre otros.<\/p>\n","protected":false},"excerpt":{"rendered":"<p>Torre\u00f3n, Coahuila. \u2013 A 13 de junio de 2023. Agentes del grupo de motociclistas de la Direcci\u00f3n de Vialidad y Movilidad Urbanade Torre\u00f3n, reciben capacitaci\u00f3n en la conducci\u00f3n y operaci\u00f3n de veh\u00edculos deemergencia, con el objetivo de eliminar los riesgos a la hora de acudir a atenderun hecho de tr\u00e1nsito. Luis Alberto Morales Cort\u00e9s, director de la dependencia, dijo que se imparte lacapacitaci\u00f3n a agentes del grupo de motociclistas, para&#8230;<\/p>\n","protected":false},"author":1,"featured_media":15715,"comment_status":"closed","ping_status":"closed","sticky":false,"template":"","format":"standard","meta":{"footnotes":""},"categories":[5,28,7],"tags":[],"class_list":["post-15714","post","type-post","status-publish","format-standard","has-post-thumbnail","hentry","category-coahuila","category-la-laguna","category-torreon","wpcat-5-id","wpcat-28-id","wpcat-7-id"],"_links":{"self":[{"href":"https:\/\/www.aquilaguna.com\/index.php\/wp-json\/wp\/v2\/posts\/15714","targetHints":{"allow":["GET"]}}],"collection":[{"href":"https:\/\/www.aquilaguna.com\/index.php\/wp-json\/wp\/v2\/posts"}],"about":[{"href":"https:\/\/www.aquilaguna.com\/index.php\/wp-json\/wp\/v2\/types\/post"}],"author":[{"embeddable":true,"href":"https:\/\/www.aquilaguna.com\/index.php\/wp-json\/wp\/v2\/users\/1"}],"replies":[{"embeddable":true,"href":"https:\/\/www.aquilaguna.com\/index.php\/wp-json\/wp\/v2\/comments?post=15714"}],"version-history":[{"count":1,"href":"https:\/\/www.aquilaguna.com\/index.php\/wp-json\/wp\/v2\/posts\/15714\/revisions"}],"predecessor-version":[{"id":15716,"href":"https:\/\/www.aquilaguna.com\/index.php\/wp-json\/wp\/v2\/posts\/15714\/revisions\/15716"}],"wp:featuredmedia":[{"embeddable":true,"href":"https:\/\/www.aquilaguna.com\/index.php\/wp-json\/wp\/v2\/media\/15715"}],"wp:attachment":[{"href":"https:\/\/www.aquilaguna.com\/index.php\/wp-json\/wp\/v2\/media?parent=15714"}],"wp:term":[{"taxonomy":"category","embeddable":true,"href":"https:\/\/www.aquilaguna.com\/index.php\/wp-json\/wp\/v2\/categories?post=15714"},{"taxonomy":"post_tag","embeddable":true,"href":"https:\/\/www.aquilaguna.com\/index.php\/wp-json\/wp\/v2\/tags?post=15714"}],"curies":[{"name":"wp","href":"https:\/\/api.w.org\/{rel}","templated":true}]}}