{"id":15741,"date":"2023-06-14T19:15:58","date_gmt":"2023-06-15T01:15:58","guid":{"rendered":"https:\/\/www.aquilaguna.com\/?p=15741"},"modified":"2023-06-14T19:15:58","modified_gmt":"2023-06-15T01:15:58","slug":"entrega-mars-presea-al-merito-magisterial-2023","status":"publish","type":"post","link":"https:\/\/www.aquilaguna.com\/index.php\/2023\/06\/14\/entrega-mars-presea-al-merito-magisterial-2023\/","title":{"rendered":"ENTREGA MARS PRESEA AL M\u00c9RITO MAGISTERIAL 2023."},"content":{"rendered":"\n<p>\u00b7&nbsp;&nbsp;&nbsp;&nbsp;&nbsp;&nbsp;<strong><em>&nbsp;Seis docentes y directores de la entidad recibieron este reconocimiento.<\/em><\/strong><\/p>\n\n\n\n<p>\u00b7&nbsp;&nbsp;&nbsp;&nbsp;&nbsp;&nbsp;<strong><em>&nbsp;Reitera gobernador Miguel Riquelme reconocimiento al magisterio coahuilense.<\/em><\/strong><\/p>\n\n\n\n<p>Saltillo, Coahuila de Zaragoza; a 14 de Junio de 2023.- El gobernador Miguel \u00c1ngel Riquelme Sol\u00eds entreg\u00f3 la Presea al M\u00e9rito Magisterial 2023 a seis docentes y directivos, quienes por su trabajo fueron reconocidos en sus comunidades educativas.<\/p>\n\n\n\n<p>\u201cA nombre del pueblo y del Gobierno de Coahuila, hoy les expresamos el mayor de nuestros reconocimientos, los felicitamos y adem\u00e1s les damos nuestra gratitud por todo lo que hacen en la formaci\u00f3n de las ni\u00f1as, ni\u00f1os y j\u00f3venes coahuilenses\u201d, expres\u00f3 e Mandatario estatal.<\/p>\n\n\n\n<p>En su mensaje, el Gobernador del Estado destac\u00f3 que el magisterio coahuilense es un gran aliado de su Administraci\u00f3n en materia educativa.&nbsp;<\/p>\n\n\n\n<p>Se\u00f1al\u00f3 que es emblem\u00e1tico entregar, en Palacio de Gobierno, una presea a alguien que con gran m\u00e9rito ha sido parte de nuestro sistema educativo.<\/p>\n\n\n\n<p>Riquelme Sol\u00eds mencion\u00f3 que hoy Coahuila es un motor de desarrollo para la econom\u00eda del norte de M\u00e9xico, y que somos referencia nacional en seguridad, competitividad y que hoy la entidad se distingue por ser el entorno propicio para la econom\u00eda, y sobre todo en nuestro sector educativo de nuestra fuerza laboral.&nbsp;&nbsp;<\/p>\n\n\n\n<p>Se\u00f1al\u00f3 que luego de finalizada la jornada electoral, Coahuila demostr\u00f3 ante M\u00e9xico que en nuestra sociedad prevalece la madurez pol\u00edtica, las elecciones pac\u00edficas y que se privilegia la unidad de nuestra gente.<\/p>\n\n\n\n<p>\u201cHoy, en Coahuila hemos avanzado juntos por la misma ruta que marca la legalidad, la prosperidad y la multiplicaci\u00f3n de oportunidades; por ende, este a\u00f1o la entidad confirma que tiene las bases m\u00e1s s\u00f3lidas de la prosperidad y el desarrollo\u201d, asever\u00f3.<\/p>\n\n\n\n<p>En ese sentido, Miguel Riquelme destac\u00f3 algunos de los excelentes indicadores que ostenta Coahuila, como el ser la segunda entidad m\u00e1s exportadora, la cuarta m\u00e1s competitiva y la cuarta que m\u00e1s contribuye al PIB Industrial.<\/p>\n\n\n\n<p>Inform\u00f3, adem\u00e1s, que de enero a la fecha Coahuila suma 40 nuevos proyectos de inversi\u00f3n, anuncios, ampliaciones o construcci\u00f3n de nuevas plantas.&nbsp;<\/p>\n\n\n\n<p>Y que la entidad est\u00e1 al frente de la industria de la electro-movilidad, al iniciar en nuestro territorio la fabricaci\u00f3n del primer auto totalmente el\u00e9ctrico del Pa\u00eds.<\/p>\n\n\n\n<p>\u201cNuestro Estado tambi\u00e9n formar\u00e1 parte de la Regi\u00f3n productiva m\u00e1s fuerte del norte de M\u00e9xico, y aprovecharemos mucho m\u00e1s nosotros la llegada de Tesla\u201d, dijo, al comentar que ya se han recibido 15 empresas que conforman la respectiva cadena de proveedores de dicha planta.&nbsp;&nbsp;<\/p>\n\n\n\n<p>Riquelme Sol\u00eds destac\u00f3 que la formaci\u00f3n laboral que hoy tiene Coahuila en la mano de obra calificada, es gracias a las maestras y maestros de Coahuila.<\/p>\n\n\n\n<p>\u201cSeguiremos contando con el trabajo de la sociedad y, sobre todo, con la visi\u00f3n del Gobierno de poder seguir generando las condiciones de bienestar para las familias coahuilenses\u201d, puntualiz\u00f3 el gobernador Miguel Riquelme.<\/p>\n\n\n\n<p>Por su parte, Francisco Saracho Navarro, Secretario de Educaci\u00f3n del Estado, expres\u00f3 su reconocimiento a todas y todos los maestros por la gran labor que realizan.<\/p>\n\n\n\n<p>Inform\u00f3 que para la entrega de esta presea se recibieron distintas propuestas de maestros, padres de familia, alumnos, sindicatos y de la sociedad en general<\/p>\n\n\n\n<p>Reconoci\u00f3, adem\u00e1s, a todas y todos los maestros que participaron, as\u00ed como a todos quienes desde sus aulas, con su esfuerzo diario y entrega al servicio educativo, contribuyen a la formaci\u00f3n de nuestras ni\u00f1as, ni\u00f1os y j\u00f3venes coahuilenses.<\/p>\n\n\n\n<p>Saracho Navarro agradeci\u00f3 al gobernador Miguel Riquelme por avalar este reconocimiento: \u201cEl magisterio tiene en usted a un gran aliado que sabe reconocer la relevancia del trabajo docente y su gran aportaci\u00f3n al desarrollo de Coahuila\u201d.&nbsp;&nbsp;&nbsp;<\/p>\n\n\n\n<p>Jos\u00e9 Mar\u00eda Fraustro Siller, Alcalde de Saltillo, reiter\u00f3 que el magisterio se distingue siempre por su compromiso, su voluntad de trabajar siempre en equipo.<\/p>\n\n\n\n<p>\u201cLas maestras y maestros son, sin duda, parte fundamental de los cimientos del desarrollo integral de la sociedad; y ustedes, maestras y maestros de Coahuila, son el motor de este sistema educativo, un motor que requiere de engranes fuertes, con convicci\u00f3n de formar personas de bien y preparadas para aprovechar las oportunidades\u201d, destac\u00f3 el Alcalde.<\/p>\n\n\n\n<p>A nombre de todos los galardonados, el profesor Christian Omar Gonz\u00e1lez Luna reconoci\u00f3 la labor de sus compa\u00f1eros y compa\u00f1eras durante la pandemia, as\u00ed como el trabajo educativo que realiz\u00f3 el Gobierno del Estado, cuyas acciones estuvieron a la altura del desaf\u00edo y garantizando que los alumnos recibieran la educaci\u00f3n a\u00fan en lo m\u00e1s \u00e1lgido de la pandemia.<\/p>\n\n\n\n<p>Los galardonados con la Presea al M\u00e9rito Magisterial Coahuila 2023, fueron:<\/p>\n\n\n\n<p>+ Profr. Leonel Ir\u00e1n Gonz\u00e1lez Leyva, docente de Preescolar del Jard\u00edn de \u201cNi\u00f1os Ram\u00f3n Ortiz Villalobos\u201d, de Saltillo.<\/p>\n\n\n\n<p>+ Profra. Yajaira Rosalinda Vega Mendoza, docente de Primaria de la Escuela \u201cEloy Dewey Saavedra\u201d, T.M., de Saltillo.<\/p>\n\n\n\n<p>+ Profr. Christian Omar Gonz\u00e1lez Luna, docente de Secundaria, de la Secundaria General #1 \u201cJos\u00e9 Santos Valdez\u201d, de Francisco I. Madero.<\/p>\n\n\n\n<p>+ Profra. Alma Manuelita Esquivel Pe\u00f1a, Directora de Preescolar del Jard\u00edn de Ni\u00f1os \u201cJaime Nun\u00f3\u201d, de Saltillo.<\/p>\n\n\n\n<p>+ Profra. Alma Patricia Mart\u00ednez Rodr\u00edguez, Directora de Primaria de la Escuela \u201cApolonio M. Avil\u00e9s\u201d, de Torre\u00f3n.<\/p>\n\n\n\n<p>+ Profra. Maritza Valeria R\u00edos Cerda, Directora de Secundaria de la Escuela Secundaria General \u201cAntonio Machado\u201d, de Allende.<\/p>\n\n\n\n<p>En esta ceremonia acompa\u00f1aron al Gobernador en el pres\u00eddium, adem\u00e1s, Mar\u00eda Eugenia Guadalupe Calder\u00f3n Amezcua, presidenta de la Comisi\u00f3n de Educaci\u00f3n del Congreso del Estado; Jaime Bueno Zertuche, diputado federal; Fernando de las Fuentes Hern\u00e1ndez, Secretario de Gobierno; Arturo D\u00edaz Gonz\u00e1lez; Secretario de la Secci\u00f3n 35 del SNTE; Isela Licerio Lu\u00e9vano, secretaria de la Secci\u00f3n 38 del SNTE, y Mar\u00eda Dolores Torres Cepeda, presidenta del Jurado Calificador.<\/p>\n","protected":false},"excerpt":{"rendered":"<p>\u00b7&nbsp;&nbsp;&nbsp;&nbsp;&nbsp;&nbsp;&nbsp;Seis docentes y directores de la entidad recibieron este reconocimiento. \u00b7&nbsp;&nbsp;&nbsp;&nbsp;&nbsp;&nbsp;&nbsp;Reitera gobernador Miguel Riquelme reconocimiento al magisterio coahuilense. Saltillo, Coahuila de Zaragoza; a 14 de Junio de 2023.- El gobernador Miguel \u00c1ngel Riquelme Sol\u00eds entreg\u00f3 la Presea al M\u00e9rito Magisterial 2023 a seis docentes y directivos, quienes por su trabajo fueron reconocidos en sus comunidades educativas. \u201cA nombre del pueblo y del Gobierno de Coahuila, hoy les expresamos el mayor&#8230;<\/p>\n","protected":false},"author":1,"featured_media":15742,"comment_status":"closed","ping_status":"closed","sticky":false,"template":"","format":"standard","meta":{"footnotes":""},"categories":[5,15,84],"tags":[],"class_list":["post-15741","post","type-post","status-publish","format-standard","has-post-thumbnail","hentry","category-coahuila","category-gobierno-de-coahuila","category-magisterio","wpcat-5-id","wpcat-15-id","wpcat-84-id"],"_links":{"self":[{"href":"https:\/\/www.aquilaguna.com\/index.php\/wp-json\/wp\/v2\/posts\/15741","targetHints":{"allow":["GET"]}}],"collection":[{"href":"https:\/\/www.aquilaguna.com\/index.php\/wp-json\/wp\/v2\/posts"}],"about":[{"href":"https:\/\/www.aquilaguna.com\/index.php\/wp-json\/wp\/v2\/types\/post"}],"author":[{"embeddable":true,"href":"https:\/\/www.aquilaguna.com\/index.php\/wp-json\/wp\/v2\/users\/1"}],"replies":[{"embeddable":true,"href":"https:\/\/www.aquilaguna.com\/index.php\/wp-json\/wp\/v2\/comments?post=15741"}],"version-history":[{"count":1,"href":"https:\/\/www.aquilaguna.com\/index.php\/wp-json\/wp\/v2\/posts\/15741\/revisions"}],"predecessor-version":[{"id":15743,"href":"https:\/\/www.aquilaguna.com\/index.php\/wp-json\/wp\/v2\/posts\/15741\/revisions\/15743"}],"wp:featuredmedia":[{"embeddable":true,"href":"https:\/\/www.aquilaguna.com\/index.php\/wp-json\/wp\/v2\/media\/15742"}],"wp:attachment":[{"href":"https:\/\/www.aquilaguna.com\/index.php\/wp-json\/wp\/v2\/media?parent=15741"}],"wp:term":[{"taxonomy":"category","embeddable":true,"href":"https:\/\/www.aquilaguna.com\/index.php\/wp-json\/wp\/v2\/categories?post=15741"},{"taxonomy":"post_tag","embeddable":true,"href":"https:\/\/www.aquilaguna.com\/index.php\/wp-json\/wp\/v2\/tags?post=15741"}],"curies":[{"name":"wp","href":"https:\/\/api.w.org\/{rel}","templated":true}]}}