{"id":15830,"date":"2023-06-20T19:26:25","date_gmt":"2023-06-21T01:26:25","guid":{"rendered":"https:\/\/www.aquilaguna.com\/?p=15830"},"modified":"2023-06-20T19:26:26","modified_gmt":"2023-06-21T01:26:26","slug":"simas-trabaja-en-reparacion-de-emisor-que-provoco-fuga-de-aguas-residuales","status":"publish","type":"post","link":"https:\/\/www.aquilaguna.com\/index.php\/2023\/06\/20\/simas-trabaja-en-reparacion-de-emisor-que-provoco-fuga-de-aguas-residuales\/","title":{"rendered":"SIMAS trabaja en reparaci\u00f3n de emisor que provoc\u00f3 fuga de aguas residuales."},"content":{"rendered":"\n<p>Torre\u00f3n, Coahuila. A 20 de junio de 2023.<\/p>\n\n\n\n<p>\u00a0La madrugada de este martes, alrededor de las 01:00 horas, un emisor de presi\u00f3n<br>del Sistema Municipal de Aguas y Saneamiento (SIMAS) Torre\u00f3n, present\u00f3 una<br>falla en uno de sus tramos, que fue atendida de manera inmediata por el personal<br>t\u00e9cnico y al momento se encuentra controlada la situaci\u00f3n.<\/p>\n\n\n\n<p>Raymundo Rodr\u00edguez de la Torre, gerente t\u00e9cnico del SIMAS, explic\u00f3 que se trata<br>del emisor que conduce aguas residuales de la colonia Nueva Laguna al Fresno<br>hacia el c\u00e1rcamo de los Rodr\u00edguez.<br>\u00a0<br>Dijo que el emisor fue sacado de operaci\u00f3n al detectar la falla, con el objetivo de<br>que dejara de derramar aguas residuales, mientras tanto el personal realiza las<br>labores de reparaci\u00f3n, mismas que deber\u00e1n concluir este d\u00eda.<\/p>\n\n\n\n<p>El gerente t\u00e9cnico indic\u00f3 que se trata de tuber\u00eda de 30 pulgadas, y que la falla se<br>present\u00f3 debido a la presi\u00f3n con la que normalmente fluye el agua residual.<\/p>\n\n\n\n<p>En Independencia y calzada Abastos, vialidad donde se present\u00f3 el derrame, el<br>personal del SIMAS realiz\u00f3 las labores de limpieza correspondientes.<br>\u00a0<br>Adem\u00e1s prestaron apoyo elementos de la Direcci\u00f3n de Protecci\u00f3n Civil y<br>Bomberos, as\u00ed como de la Direcci\u00f3n de Tr\u00e1nsito y Vialidad.<br>\u00a0<br>Finalmente, el funcionario descart\u00f3 que se trate de un colector ca\u00eddo.<\/p>\n","protected":false},"excerpt":{"rendered":"<p>Torre\u00f3n, Coahuila. A 20 de junio de 2023. \u00a0La madrugada de este martes, alrededor de las 01:00 horas, un emisor de presi\u00f3ndel Sistema Municipal de Aguas y Saneamiento (SIMAS) Torre\u00f3n, present\u00f3 unafalla en uno de sus tramos, que fue atendida de manera inmediata por el personalt\u00e9cnico y al momento se encuentra controlada la situaci\u00f3n. Raymundo Rodr\u00edguez de la Torre, gerente t\u00e9cnico del SIMAS, explic\u00f3 que se tratadel emisor que conduce&#8230;<\/p>\n","protected":false},"author":1,"featured_media":15831,"comment_status":"closed","ping_status":"closed","sticky":false,"template":"","format":"standard","meta":{"footnotes":""},"categories":[5,28,7],"tags":[],"class_list":["post-15830","post","type-post","status-publish","format-standard","has-post-thumbnail","hentry","category-coahuila","category-la-laguna","category-torreon","wpcat-5-id","wpcat-28-id","wpcat-7-id"],"_links":{"self":[{"href":"https:\/\/www.aquilaguna.com\/index.php\/wp-json\/wp\/v2\/posts\/15830","targetHints":{"allow":["GET"]}}],"collection":[{"href":"https:\/\/www.aquilaguna.com\/index.php\/wp-json\/wp\/v2\/posts"}],"about":[{"href":"https:\/\/www.aquilaguna.com\/index.php\/wp-json\/wp\/v2\/types\/post"}],"author":[{"embeddable":true,"href":"https:\/\/www.aquilaguna.com\/index.php\/wp-json\/wp\/v2\/users\/1"}],"replies":[{"embeddable":true,"href":"https:\/\/www.aquilaguna.com\/index.php\/wp-json\/wp\/v2\/comments?post=15830"}],"version-history":[{"count":1,"href":"https:\/\/www.aquilaguna.com\/index.php\/wp-json\/wp\/v2\/posts\/15830\/revisions"}],"predecessor-version":[{"id":15832,"href":"https:\/\/www.aquilaguna.com\/index.php\/wp-json\/wp\/v2\/posts\/15830\/revisions\/15832"}],"wp:featuredmedia":[{"embeddable":true,"href":"https:\/\/www.aquilaguna.com\/index.php\/wp-json\/wp\/v2\/media\/15831"}],"wp:attachment":[{"href":"https:\/\/www.aquilaguna.com\/index.php\/wp-json\/wp\/v2\/media?parent=15830"}],"wp:term":[{"taxonomy":"category","embeddable":true,"href":"https:\/\/www.aquilaguna.com\/index.php\/wp-json\/wp\/v2\/categories?post=15830"},{"taxonomy":"post_tag","embeddable":true,"href":"https:\/\/www.aquilaguna.com\/index.php\/wp-json\/wp\/v2\/tags?post=15830"}],"curies":[{"name":"wp","href":"https:\/\/api.w.org\/{rel}","templated":true}]}}