{"id":15899,"date":"2023-06-25T17:07:22","date_gmt":"2023-06-25T23:07:22","guid":{"rendered":"https:\/\/www.aquilaguna.com\/?p=15899"},"modified":"2023-06-25T17:07:22","modified_gmt":"2023-06-25T23:07:22","slug":"hermanos-de-oro-coahuilenses-isaac-y-ana-munoz-triunfan-en-karate-de-nacionales-conade","status":"publish","type":"post","link":"https:\/\/www.aquilaguna.com\/index.php\/2023\/06\/25\/hermanos-de-oro-coahuilenses-isaac-y-ana-munoz-triunfan-en-karate-de-nacionales-conade\/","title":{"rendered":"HERMANOS DE ORO: COAHUILENSES ISAAC Y ANA MU\u00d1OZ TRIUNFAN EN KARATE DE NACIONALES CONADE."},"content":{"rendered":"\n<p>Villahermosa, Tabasco; a 25 de Junio de 2023.- Los hermanos coahuilenses Ana e Isaac Mu\u00f1oz Salcedo conquistaron par de medallas de Oro en el Karate de los Nacionales CONADE 2023, en la Modalidad de Kumite.<\/p>\n\n\n\n<p>Ana Victoria Mu\u00f1oz logr\u00f3 el metal \u00e1ureo dentro de la Divisi\u00f3n de los -59 Kilos, Categor\u00eda Junior, luego de derrotar en la Final a Regina Ruiz, de Yucat\u00e1n, por 9-5, en lo que fue un combate de poder a poder.<\/p>\n\n\n\n<p>Cabe destacar que por segundo a\u00f1o consecutivo, Ana Victoria Mu\u00f1oz se colg\u00f3 la Medalla de Oro dentro de esta justa, convirti\u00e9ndose en una de las j\u00f3venes promesas del Karate mexicano.<\/p>\n\n\n\n<p>Por su parte, Isaac Mu\u00f1oz Salcedo se subi\u00f3 a lo m\u00e1s alto del podio en la Divisi\u00f3n de +76 Kilos, en la Categor\u00eda 16-17 a\u00f1os, al derrotar en una \u00e9pica final a Jos\u00e9 Castro, de Sonora, por 12-11; el a\u00f1o pasado Isaac se qued\u00f3 con la Medalla de Bronce.<\/p>\n\n\n\n<p>Coahuila sum\u00f3 tres medallas en el Karate de los Nacionales CONADE 2023, con un balance de dos Oros y un Bronce, y este 25 de junio domingo cerrar\u00e1 su participaci\u00f3n en esta disciplina.<\/p>\n","protected":false},"excerpt":{"rendered":"<p>Villahermosa, Tabasco; a 25 de Junio de 2023.- Los hermanos coahuilenses Ana e Isaac Mu\u00f1oz Salcedo conquistaron par de medallas de Oro en el Karate de los Nacionales CONADE 2023, en la Modalidad de Kumite. Ana Victoria Mu\u00f1oz logr\u00f3 el metal \u00e1ureo dentro de la Divisi\u00f3n de los -59 Kilos, Categor\u00eda Junior, luego de derrotar en la Final a Regina Ruiz, de Yucat\u00e1n, por 9-5, en lo que fue un&#8230;<\/p>\n","protected":false},"author":1,"featured_media":15900,"comment_status":"closed","ping_status":"closed","sticky":false,"template":"","format":"standard","meta":{"footnotes":""},"categories":[5,33,15],"tags":[],"class_list":["post-15899","post","type-post","status-publish","format-standard","has-post-thumbnail","hentry","category-coahuila","category-deporte","category-gobierno-de-coahuila","wpcat-5-id","wpcat-33-id","wpcat-15-id"],"_links":{"self":[{"href":"https:\/\/www.aquilaguna.com\/index.php\/wp-json\/wp\/v2\/posts\/15899","targetHints":{"allow":["GET"]}}],"collection":[{"href":"https:\/\/www.aquilaguna.com\/index.php\/wp-json\/wp\/v2\/posts"}],"about":[{"href":"https:\/\/www.aquilaguna.com\/index.php\/wp-json\/wp\/v2\/types\/post"}],"author":[{"embeddable":true,"href":"https:\/\/www.aquilaguna.com\/index.php\/wp-json\/wp\/v2\/users\/1"}],"replies":[{"embeddable":true,"href":"https:\/\/www.aquilaguna.com\/index.php\/wp-json\/wp\/v2\/comments?post=15899"}],"version-history":[{"count":1,"href":"https:\/\/www.aquilaguna.com\/index.php\/wp-json\/wp\/v2\/posts\/15899\/revisions"}],"predecessor-version":[{"id":15901,"href":"https:\/\/www.aquilaguna.com\/index.php\/wp-json\/wp\/v2\/posts\/15899\/revisions\/15901"}],"wp:featuredmedia":[{"embeddable":true,"href":"https:\/\/www.aquilaguna.com\/index.php\/wp-json\/wp\/v2\/media\/15900"}],"wp:attachment":[{"href":"https:\/\/www.aquilaguna.com\/index.php\/wp-json\/wp\/v2\/media?parent=15899"}],"wp:term":[{"taxonomy":"category","embeddable":true,"href":"https:\/\/www.aquilaguna.com\/index.php\/wp-json\/wp\/v2\/categories?post=15899"},{"taxonomy":"post_tag","embeddable":true,"href":"https:\/\/www.aquilaguna.com\/index.php\/wp-json\/wp\/v2\/tags?post=15899"}],"curies":[{"name":"wp","href":"https:\/\/api.w.org\/{rel}","templated":true}]}}