{"id":15921,"date":"2023-06-26T17:39:00","date_gmt":"2023-06-26T23:39:00","guid":{"rendered":"https:\/\/www.aquilaguna.com\/?p=15921"},"modified":"2023-06-26T17:39:00","modified_gmt":"2023-06-26T23:39:00","slug":"ponen-en-marcha-plan-municipal-del-cuidado-del-agua","status":"publish","type":"post","link":"https:\/\/www.aquilaguna.com\/index.php\/2023\/06\/26\/ponen-en-marcha-plan-municipal-del-cuidado-del-agua\/","title":{"rendered":"Ponen en marcha Plan Municipal del Cuidado del Agua."},"content":{"rendered":"\n<p>Torre\u00f3n, Coahuila. A 26 de junio de 2023.<\/p>\n\n\n\n<p>La Direcci\u00f3n General de Desarrollo Social puso en marcha este lunes el Plan<br>Municipal del Cuidado del Agua, en el ejido La Perla, en Torre\u00f3n.<\/p>\n\n\n\n<p>Se trata de acciones integrales para atender la problem\u00e1tica de escasez del<br>l\u00edquido, entre las que destaca la entrega de cinco mil tinacos a bajo costo.<\/p>\n\n\n\n<p>H\u00e9ctor Iv\u00e1n Estrada Baca, titular de la Direcci\u00f3n General de Desarrollo Social,<br>habl\u00f3 de la estrategia del Gobierno Municipal, para dar una soluci\u00f3n inmediata a la<br>situaci\u00f3n que ha prevalecido los \u00faltimos d\u00edas en el ejido La Perla con el tema del<br>agua.<\/p>\n\n\n\n<p>\u00a0\u201cPor indicaciones puntuales del alcalde Rom\u00e1n Alberto Cepeda Gonz\u00e1lez<br>estamos aqu\u00ed en el ejido La Perla, presentando el Plan Municipal del Cuidado del<br>Agua, con acciones muy puntuales que beneficiar\u00e1n a miles de torreonenses\u201d,<br>se\u00f1al\u00f3.<\/p>\n\n\n\n<p>El plan consta de distintas acciones para contribuir con el suministro de agua, y<br>proteger la salud de las familias ante las altas temperaturas at\u00edpicas que se han<br>registrado a nivel nacional.<\/p>\n\n\n\n<p>\u00a0\u201cA trav\u00e9s de la direcci\u00f3n llevaremos a cabo un programa de tinacos con un costo<br>de recuperaci\u00f3n de 300 pesos, lo que representa un ahorro de m\u00e1s del 80 por<br>ciento, de su precio en el mercado\u201d, mencion\u00f3 el director.<\/p>\n\n\n\n<p>Los tinacos tienen una capacidad de 450 litros y ser\u00e1n entregadas cinco mil<br>unidades en una primera etapa que inicia en el ejido La Perla.<\/p>\n\n\n\n<p>As\u00ed mismo, se har\u00e1 la entrega de agua potable en bolsas de cinco litros; en la<br>primera etapa se repartir\u00e1n 60 mil bolsas, iniciando en el mismo ejido.<br>\u00a0<br>El funcionario agreg\u00f3 que el Sistema Municipal de Aguas y Saneamiento de<br>Torre\u00f3n (SIMAS), ser\u00e1 parte del Plan Municipal del Cuidado del Agua, con<br>acciones que continuar\u00e1n favoreciendo a la poblaci\u00f3n como es la interconexi\u00f3n del<br>pozo de La Latinoamericana con el sector de La Perla, Campo Nuevo Zaragoza,<br>Villa Zaragoza y Monterreal.<br>\u00a0<br>\u201cEste plan ser\u00e1 factor para el mejoramiento de las condiciones de vida de sectores<br>vulnerables de nuestra regi\u00f3n, donde para la Administraci\u00f3n es prioridad el que todos tengan acceso al agua, en buenas condiciones y estar aqu\u00ed con acciones puntuales y trabajando en conjunto con el Gobierno del Estado\u201d, finaliz\u00f3.<br>\u00a0<br>David Flores Lavenant, en representaci\u00f3n del Gobernador Miguel \u00c1ngel Riquelme<br>Sol\u00eds, resalt\u00f3 el compromiso del Gobierno Estatal y Municipal, para darle soluci\u00f3n<br>a la demanda de agua potable.<br>\u00a0<br>Dijo que se ha hecho una inversi\u00f3n hist\u00f3rica en la perforaci\u00f3n de pozos en<br>conjunto con el Gobierno Municipal y que de forma coordinada se est\u00e1 trabajando<br>para atender el tema del agua.<br>\u00a0<br>\u201cEs un programa planeado, integral, de soluci\u00f3n a corto plazo y encaminado al<br>abastecimiento de agua en los domicilios\u201d, declar\u00f3 el funcionario.<br>\u00a0<br>Por su parte, Eduardo Terrazas Ramos, encargado del despacho del Sistema<br>Municipal de Aguas y Saneamiento de Torre\u00f3n (SIMAS), habl\u00f3 de los trabajos de<br>interconexi\u00f3n que se est\u00e1n realizando para atender la demanda de la poblaci\u00f3n, la<br>perforaci\u00f3n de m\u00e1s pozos este a\u00f1o, y de la rehabilitaci\u00f3n y mantenimiento de los<br>ya existentes.<br>\u00a0<br>El diputado local, Hugo D\u00e1vila Prado, se\u00f1al\u00f3 la importancia de que la<br>administraci\u00f3n estatal y municipal acudan a los sectores para dar atenci\u00f3n a las<br>solicitudes de los ciudadanos.<br>\u00a0<br>Acudieron tambi\u00e9n al evento Ver\u00f3nica Mart\u00ednez Garc\u00eda, Senadora de la Rep\u00fablica;<br>adem\u00e1s de regidores y directores.<\/p>\n","protected":false},"excerpt":{"rendered":"<p>Torre\u00f3n, Coahuila. A 26 de junio de 2023. La Direcci\u00f3n General de Desarrollo Social puso en marcha este lunes el PlanMunicipal del Cuidado del Agua, en el ejido La Perla, en Torre\u00f3n. Se trata de acciones integrales para atender la problem\u00e1tica de escasez dell\u00edquido, entre las que destaca la entrega de cinco mil tinacos a bajo costo. H\u00e9ctor Iv\u00e1n Estrada Baca, titular de la Direcci\u00f3n General de Desarrollo Social,habl\u00f3 de&#8230;<\/p>\n","protected":false},"author":1,"featured_media":15922,"comment_status":"closed","ping_status":"closed","sticky":false,"template":"","format":"standard","meta":{"footnotes":""},"categories":[5,28,7],"tags":[],"class_list":["post-15921","post","type-post","status-publish","format-standard","has-post-thumbnail","hentry","category-coahuila","category-la-laguna","category-torreon","wpcat-5-id","wpcat-28-id","wpcat-7-id"],"_links":{"self":[{"href":"https:\/\/www.aquilaguna.com\/index.php\/wp-json\/wp\/v2\/posts\/15921","targetHints":{"allow":["GET"]}}],"collection":[{"href":"https:\/\/www.aquilaguna.com\/index.php\/wp-json\/wp\/v2\/posts"}],"about":[{"href":"https:\/\/www.aquilaguna.com\/index.php\/wp-json\/wp\/v2\/types\/post"}],"author":[{"embeddable":true,"href":"https:\/\/www.aquilaguna.com\/index.php\/wp-json\/wp\/v2\/users\/1"}],"replies":[{"embeddable":true,"href":"https:\/\/www.aquilaguna.com\/index.php\/wp-json\/wp\/v2\/comments?post=15921"}],"version-history":[{"count":1,"href":"https:\/\/www.aquilaguna.com\/index.php\/wp-json\/wp\/v2\/posts\/15921\/revisions"}],"predecessor-version":[{"id":15923,"href":"https:\/\/www.aquilaguna.com\/index.php\/wp-json\/wp\/v2\/posts\/15921\/revisions\/15923"}],"wp:featuredmedia":[{"embeddable":true,"href":"https:\/\/www.aquilaguna.com\/index.php\/wp-json\/wp\/v2\/media\/15922"}],"wp:attachment":[{"href":"https:\/\/www.aquilaguna.com\/index.php\/wp-json\/wp\/v2\/media?parent=15921"}],"wp:term":[{"taxonomy":"category","embeddable":true,"href":"https:\/\/www.aquilaguna.com\/index.php\/wp-json\/wp\/v2\/categories?post=15921"},{"taxonomy":"post_tag","embeddable":true,"href":"https:\/\/www.aquilaguna.com\/index.php\/wp-json\/wp\/v2\/tags?post=15921"}],"curies":[{"name":"wp","href":"https:\/\/api.w.org\/{rel}","templated":true}]}}