{"id":15946,"date":"2023-06-27T18:04:33","date_gmt":"2023-06-28T00:04:33","guid":{"rendered":"https:\/\/www.aquilaguna.com\/?p=15946"},"modified":"2023-06-27T18:04:34","modified_gmt":"2023-06-28T00:04:34","slug":"secretaria-del-trabajo-de-coahuila-invita-a-feria-de-empleo-en-torreon-ofertaran-450-vacantes","status":"publish","type":"post","link":"https:\/\/www.aquilaguna.com\/index.php\/2023\/06\/27\/secretaria-del-trabajo-de-coahuila-invita-a-feria-de-empleo-en-torreon-ofertaran-450-vacantes\/","title":{"rendered":"SECRETAR\u00cdA DEL TRABAJO DE COAHUILA INVITA A FERIA DE EMPLEO EN TORRE\u00d3N: OFERTAR\u00c1N 450 VACANTES."},"content":{"rendered":"\n<p>Torre\u00f3n, Coahuila de Zaragoza; a 27 de Junio de 2023.- La Secretar\u00eda del Trabajo (ST) de Coahuila, a trav\u00e9s del Servicio del Empleo Coahuila, invita a la Feria de Empleo Torre\u00f3n que ser\u00e1 este viernes 30 de junio.<\/p>\n\n\n\n<p>David Flores Lavenat, titular de la Unidad de Atenci\u00f3n en La Laguna y representante del gobernador Miguel \u00c1ngel Riquelme Sol\u00eds, coment\u00f3 que gracias al estatus que ocupa Coahuila en seguridad y por su nivel acad\u00e9mico se realizan acciones como esta feria, donde se ofertan m\u00e1s de 450 vacantes.<\/p>\n\n\n\n<p>Afirm\u00f3 que esta es una oportunidad para que los egresados o quienes vayan egresar tengan la posibilidad de integrarse al mercado laboral: \u201cSeguiremos trabajando para que la seguridad contin\u00fae, adem\u00e1s de promover a la entidad para que m\u00e1s inversiones lleguen a la entidad\u201d.<\/p>\n\n\n\n<p>La Feria se realizar\u00e1 en el Colegio de Estudios Cient\u00edficos y Tecnol\u00f3gico (CECyTE) Plantel Torre\u00f3n, ubicado en calle Valladolid y San Sebasti\u00e1n, sin n\u00famero, de la Ampliaci\u00f3n La Rosita, de las 10:00 a las 14:00 horas.<\/p>\n\n\n\n<p>La Feria de Empleo est\u00e1 enfocada para j\u00f3venes que reci\u00e9n egresan de estos planteles, pero tambi\u00e9n es abierta a la poblaci\u00f3n en general, por lo que todos los interesados deben registrarse en el portal&nbsp;<a href=\"http:\/\/ferias.empleo.gob.mx\/\" target=\"_blank\" rel=\"noreferrer noopener\">ferias.empleo.gob.mx<\/a><\/p>\n\n\n\n<p>Son m\u00e1s de 15 empresas las participantes, entre ellas: Carmona Impresionas, Literas LALA, B\u00e1sculas Revuelta, Canacintra, Clarios, Human Staff, First Cash, Kirbymex, Misol Automotriz, PC&amp;B, Maderas y Empaques FERMAR, Corporativo Claverie Murra, Auto Servicio Nuevo Poblado, Zapater\u00edas Luxor, Total Play y Tiendas Soriana.<\/p>\n\n\n\n<p>Los sueldos van de los 6,500 a los 20 mil mensuales. De las anteriores, son 90 para primaria y secundaria; para personas con preparatoria y t\u00e9cnicos son 276, y para aquellos con licenciatura son 84. En cuanto a las vacantes de grupos vulnerables, son 100.<\/p>\n\n\n\n<p>Algunos de los puestos que se ofertan son: Agente de ventas, asesor t\u00e9cnico, auxiliar administrativo, auxiliar contable, auxiliar de cobranza, auxiliar de ingenier\u00eda industrial, auxiliar de log\u00edstica y auxiliar de producci\u00f3n.<\/p>\n\n\n\n<p>Adem\u00e1s de cajeros, capturistas de datos, cuentas por pagar, ejecutivo de ventas, gerente de ventas, ingeniero de control y programaci\u00f3n, mec\u00e1nico, operador general, supervisor de producci\u00f3n, t\u00e9cnico el\u00e9ctrico, t\u00e9cnico electromec\u00e1nico, ventas y encargado de inventarios, entre otros.<\/p>\n\n\n\n<p>En su momento, Mariano Serna Mu\u00f1oz, presidente de la C\u00e1mara de Comercio de Torre\u00f3n: dijo: \u201cEstamos en un crecimiento constante y qu\u00e9 bueno que como Iniciativa Privada siempre tengamos el respaldo del gobierno para que en un lugar seguro puedan ver diversas opciones y se puedan contratar\u201d.<\/p>\n\n\n\n<p>\u201cEn esta feria hay muy buenos empleos y muy buenas plazas laborales para cubrirse en Torre\u00f3n\u201d.<\/p>\n\n\n\n<p>Igualmente, Jorge Michel Mar Due\u00f1ez, Director del CECyTE Plantel Torre\u00f3n, se\u00f1al\u00f3 que es un placer formar parte de esta iniciativa, pues para el Colegio es de suma importancia que los j\u00f3venes se integren a la vida laboral y activa en cuanto egresan.<\/p>\n\n\n\n<p>La Feria ser\u00e1 en el plantel que representa, y espera que haya 1,061 egresados asistentes de carreras como Ventas, Mantenimiento, Electromec\u00e1nica, Laboratorista Qu\u00edmico y Programaci\u00f3n, adem\u00e1s de otras.<\/p>\n\n\n\n<p>Mario Cepeda Villarreal, Subsecretario de Inclusi\u00f3n y Desarrollo Social, tambi\u00e9n estuvo presente en esta convocatoria.<\/p>\n","protected":false},"excerpt":{"rendered":"<p>Torre\u00f3n, Coahuila de Zaragoza; a 27 de Junio de 2023.- La Secretar\u00eda del Trabajo (ST) de Coahuila, a trav\u00e9s del Servicio del Empleo Coahuila, invita a la Feria de Empleo Torre\u00f3n que ser\u00e1 este viernes 30 de junio. David Flores Lavenat, titular de la Unidad de Atenci\u00f3n en La Laguna y representante del gobernador Miguel \u00c1ngel Riquelme Sol\u00eds, coment\u00f3 que gracias al estatus que ocupa Coahuila en seguridad y por&#8230;<\/p>\n","protected":false},"author":1,"featured_media":15947,"comment_status":"closed","ping_status":"closed","sticky":false,"template":"","format":"standard","meta":{"footnotes":""},"categories":[5,43,15,28,7],"tags":[],"class_list":["post-15946","post","type-post","status-publish","format-standard","has-post-thumbnail","hentry","category-coahuila","category-empleo","category-gobierno-de-coahuila","category-la-laguna","category-torreon","wpcat-5-id","wpcat-43-id","wpcat-15-id","wpcat-28-id","wpcat-7-id"],"_links":{"self":[{"href":"https:\/\/www.aquilaguna.com\/index.php\/wp-json\/wp\/v2\/posts\/15946","targetHints":{"allow":["GET"]}}],"collection":[{"href":"https:\/\/www.aquilaguna.com\/index.php\/wp-json\/wp\/v2\/posts"}],"about":[{"href":"https:\/\/www.aquilaguna.com\/index.php\/wp-json\/wp\/v2\/types\/post"}],"author":[{"embeddable":true,"href":"https:\/\/www.aquilaguna.com\/index.php\/wp-json\/wp\/v2\/users\/1"}],"replies":[{"embeddable":true,"href":"https:\/\/www.aquilaguna.com\/index.php\/wp-json\/wp\/v2\/comments?post=15946"}],"version-history":[{"count":1,"href":"https:\/\/www.aquilaguna.com\/index.php\/wp-json\/wp\/v2\/posts\/15946\/revisions"}],"predecessor-version":[{"id":15948,"href":"https:\/\/www.aquilaguna.com\/index.php\/wp-json\/wp\/v2\/posts\/15946\/revisions\/15948"}],"wp:featuredmedia":[{"embeddable":true,"href":"https:\/\/www.aquilaguna.com\/index.php\/wp-json\/wp\/v2\/media\/15947"}],"wp:attachment":[{"href":"https:\/\/www.aquilaguna.com\/index.php\/wp-json\/wp\/v2\/media?parent=15946"}],"wp:term":[{"taxonomy":"category","embeddable":true,"href":"https:\/\/www.aquilaguna.com\/index.php\/wp-json\/wp\/v2\/categories?post=15946"},{"taxonomy":"post_tag","embeddable":true,"href":"https:\/\/www.aquilaguna.com\/index.php\/wp-json\/wp\/v2\/tags?post=15946"}],"curies":[{"name":"wp","href":"https:\/\/api.w.org\/{rel}","templated":true}]}}