{"id":1595,"date":"2021-04-16T19:56:45","date_gmt":"2021-04-17T00:56:45","guid":{"rendered":"https:\/\/www.aquilaguna.com\/?p=1595"},"modified":"2021-04-16T19:56:46","modified_gmt":"2021-04-17T00:56:46","slug":"se-graduan-las-generaciones-xxxvi-xxxvii-y-xxxviii-de-la-facultad-de-ciencias-de-la-comunicacion","status":"publish","type":"post","link":"https:\/\/www.aquilaguna.com\/index.php\/2021\/04\/16\/se-graduan-las-generaciones-xxxvi-xxxvii-y-xxxviii-de-la-facultad-de-ciencias-de-la-comunicacion\/","title":{"rendered":"Se Grad\u00faan las Generaciones XXXVI, XXXVII y XXXVIII de la Facultad de Ciencias de la Comunicaci\u00f3n."},"content":{"rendered":"\n<p>SALTILLO, Coahuila. 16 de abril de 2021.- En evento desarrollado bajo las<br>medidas de sanidad, se llev\u00f3 a cabo la graduaci\u00f3n de las generaciones XXXVI,<br>XXXVII y XXXVIII de la Facultad de Ciencias de la Comunicaci\u00f3n de la<br>Universidad Aut\u00f3noma de Coahuila.<\/p>\n\n\n\n<p>En la ceremonia se cont\u00f3 con la presencia del coordinador de la Unidad Saltillo,<br>Julio Saucedo Zul, el director del plantel, Miguel \u00c1ngel Barroso Morales, el<br>secretario acad\u00e9mico, Mario Vald\u00e9s Borunda, los j\u00f3venes graduados, docentes y<br>familiares.<\/p>\n\n\n\n<p>En su mensaje el coordinador de la Unidad Saltillo, Julio Saucedo Zul, reconoci\u00f3 el<br>trabajo, compromiso y esfuerzo de los maestros y familiares de los j\u00f3venes, ya<br>que cada uno de ellos fue parte fundamental en la preparaci\u00f3n de los alumnos,<br>sobre todo en tiempos de pandemia, por lo que los exhort\u00f3 a sentirse orgullosos<br>por la meta que alcanzan al culminar sus estudios.<\/p>\n\n\n\n<p>Por su parte el director, Miguel \u00c1ngel Barroso Morales felicit\u00f3 a los graduados y<br>se\u00f1al\u00f3 que haberlos visto crecer durante sus a\u00f1os como estudiantes es<br>satisfactorio; los invit\u00f3 a perseguir sus sue\u00f1os y a no darse por vencidos frente a<br>los retos que se les presenten y a nunca perder los valores que caracterizan a un<br>comunic\u00f3logo.<\/p>\n\n\n\n<p>Mientras que el padrino de las tres generaciones, el Dr. Miguel S\u00e1nchez<br>Maldonado, convoc\u00f3 a los j\u00f3venes a ejercer su profesi\u00f3n con responsabilidad y a<br>continuar prepar\u00e1ndose para que sigan creciendo como personas y profesionistas,<br>de igual manera les dijo no rendirse ante las adversidades de la vida y a continuar<br>siendo personas entregadas y dedicadas.<\/p>\n\n\n\n<p>Durante el evento se reconoci\u00f3 a los alumnos que obtuvieron los mejores<br>promedios, de la generaci\u00f3n XXXVI se entreg\u00f3 diploma a Ver\u00f3nica Lorea<br>Almaguer, de la generaci\u00f3n XXXVII a Alonso Montenegro Mart\u00ednez y de la<br>generaci\u00f3n XXXVIII a Cinthya D\u00edaz S\u00e1nchez.<\/p>\n\n\n\n<p>En representaci\u00f3n de los graduados, la alumna Ver\u00f3nica Loera dirigi\u00f3 unas<br>palabras a los asistentes, agradeci\u00f3 a los docentes por guiarlos y apoyarlos<br>durante su preparaci\u00f3n y felicit\u00f3 a sus compa\u00f1eros por haber culminado sus<br>estudios profesionales.<\/p>\n","protected":false},"excerpt":{"rendered":"<p>SALTILLO, Coahuila. 16 de abril de 2021.- En evento desarrollado bajo lasmedidas de sanidad, se llev\u00f3 a cabo la graduaci\u00f3n de las generaciones XXXVI,XXXVII y XXXVIII de la Facultad de Ciencias de la Comunicaci\u00f3n de laUniversidad Aut\u00f3noma de Coahuila. En la ceremonia se cont\u00f3 con la presencia del coordinador de la Unidad Saltillo,Julio Saucedo Zul, el director del plantel, Miguel \u00c1ngel Barroso Morales, elsecretario acad\u00e9mico, Mario Vald\u00e9s Borunda, los j\u00f3venes&#8230;<\/p>\n","protected":false},"author":1,"featured_media":1596,"comment_status":"closed","ping_status":"closed","sticky":false,"template":"","format":"standard","meta":{"footnotes":""},"categories":[2],"tags":[],"class_list":["post-1595","post","type-post","status-publish","format-standard","has-post-thumbnail","hentry","category-uadec","wpcat-2-id"],"_links":{"self":[{"href":"https:\/\/www.aquilaguna.com\/index.php\/wp-json\/wp\/v2\/posts\/1595","targetHints":{"allow":["GET"]}}],"collection":[{"href":"https:\/\/www.aquilaguna.com\/index.php\/wp-json\/wp\/v2\/posts"}],"about":[{"href":"https:\/\/www.aquilaguna.com\/index.php\/wp-json\/wp\/v2\/types\/post"}],"author":[{"embeddable":true,"href":"https:\/\/www.aquilaguna.com\/index.php\/wp-json\/wp\/v2\/users\/1"}],"replies":[{"embeddable":true,"href":"https:\/\/www.aquilaguna.com\/index.php\/wp-json\/wp\/v2\/comments?post=1595"}],"version-history":[{"count":1,"href":"https:\/\/www.aquilaguna.com\/index.php\/wp-json\/wp\/v2\/posts\/1595\/revisions"}],"predecessor-version":[{"id":1597,"href":"https:\/\/www.aquilaguna.com\/index.php\/wp-json\/wp\/v2\/posts\/1595\/revisions\/1597"}],"wp:featuredmedia":[{"embeddable":true,"href":"https:\/\/www.aquilaguna.com\/index.php\/wp-json\/wp\/v2\/media\/1596"}],"wp:attachment":[{"href":"https:\/\/www.aquilaguna.com\/index.php\/wp-json\/wp\/v2\/media?parent=1595"}],"wp:term":[{"taxonomy":"category","embeddable":true,"href":"https:\/\/www.aquilaguna.com\/index.php\/wp-json\/wp\/v2\/categories?post=1595"},{"taxonomy":"post_tag","embeddable":true,"href":"https:\/\/www.aquilaguna.com\/index.php\/wp-json\/wp\/v2\/tags?post=1595"}],"curies":[{"name":"wp","href":"https:\/\/api.w.org\/{rel}","templated":true}]}}