{"id":160,"date":"2021-02-05T20:42:50","date_gmt":"2021-02-06T02:42:50","guid":{"rendered":"http:\/\/34.69.167.107\/?p=160"},"modified":"2021-02-05T20:42:50","modified_gmt":"2021-02-06T02:42:50","slug":"agradece-shv-respaldo-de-la-comunidad-universitaria","status":"publish","type":"post","link":"https:\/\/www.aquilaguna.com\/index.php\/2021\/02\/05\/agradece-shv-respaldo-de-la-comunidad-universitaria\/","title":{"rendered":"Agradece SHV Respaldo de la Comunidad Universitaria."},"content":{"rendered":"\n<p>SALTILLO, Coahuila. 5 de febrero de 2021.- Tras pasar unos d\u00edas en revisi\u00f3n m\u00e9dica por Covid-19, el candidato a la Rector\u00eda de la Universidad Aut\u00f3noma de Coahuila, Salvador Hern\u00e1ndez V\u00e9lez, sostuvo reuniones virtuales con las y los universitarios para  dar continuidad a su plan de trabajo.<\/p>\n\n\n\n<p><br>\u201cEstoy listo para trabajar para y por los Lobos de la UAdeC, busco la oportunidad de servir otros tres a\u00f1os a la universidad y a ustedes, por ello considero importante darles a conocer algunos de los logros de los \u00faltimos a\u00f1os\u201d, destac\u00f3 Hern\u00e1ndez V\u00e9lez durante las reuniones que tuvo con las comunidades de las Facultades de Odontolog\u00eda y Derecho de la Unidad Torre\u00f3n.<\/p>\n\n\n\n<p><br>En este sentido, expres\u00f3 que gracias al trabajo y esfuerzo de las y los universitarios, en los \u00faltimos tres a\u00f1os la Universidad Aut\u00f3noma de Coahuila logr\u00f3 avanzar 18 posiciones en el QS Ranking Internacional, pasando del lugar 44 al 26, posicionando a la instituci\u00f3n como una de las mejores a nivel nacional e internacional.<\/p>\n\n\n\n<p><br>Por ello, convoc\u00f3 a la comunidad estudiantil y docente a seguir trabajando y dando lo mejor para que en los siguientes tres a\u00f1os la UAdeC avance al menos dos posiciones m\u00e1s por a\u00f1o, y as\u00ed, reflejar el esfuerzo y empe\u00f1o que cada integrante de la Universidad plasma desde sus actividades sustantivas.<br>Por otro lado, indic\u00f3 que la Universidad est\u00e1 comprometida con la sociedad, por ello, a\u00f1o con a\u00f1o incrementa su matr\u00edcula en un cuatro por ciento, a pesar del escaso apoyo y los recortes presupuestales del actual Gobierno Federal, llevando a hacer m\u00e1s con menos e implementar una administraci\u00f3n m\u00e1s eficiente.<\/p>\n\n\n\n<p><br>Finalmente, el candidato reconoci\u00f3 que quienes integran la Universidad Aut\u00f3noma de Coahuila tienen una gran capacidad de adaptaci\u00f3n, lo que ha permitido hacer frente a los retos que se han presentado y lograr la adecuaci\u00f3n del Estatuto Universitario para que sea acorde y pertinente a la realidad que se vive.<\/p>\n\n\n\n<p><br>Siguiendo con la agenda del candidato, el Coordinador de Campa\u00f1a, V\u00edctor Manuel S\u00e1nchez Vald\u00e9s, y el equipo de trabajo, se reunieron con las y los universitarios de la Escuela de Bachilleres \u201cVenustiano Carranza\u201d extensi\u00f3n Matamoros, la Escuela de Licenciatura en Enfermer\u00eda, la Facultad de Odontolog\u00eda, la Facultad de Medicina, la Facultad de Derecho y las escuelas de Psicolog\u00eda y de Artes Esc\u00e9nicas.<\/p>\n\n\n\n<p><br>En sesiones de di\u00e1logo abierto, las y los universitarios compartieron sus comentarios y realizaron las peticiones que nutren al plan de acci\u00f3n del candidato con el fin de seguir posicionando a la Universidad Aut\u00f3noma de Coahuila como una e las mejores instituciones de educaci\u00f3n publica.<\/p>\n","protected":false},"excerpt":{"rendered":"<p>SALTILLO, Coahuila. 5 de febrero de 2021.- Tras pasar unos d\u00edas en revisi\u00f3n m\u00e9dica por Covid-19, el candidato a la Rector\u00eda de la Universidad Aut\u00f3noma de Coahuila, Salvador Hern\u00e1ndez V\u00e9lez, sostuvo reuniones virtuales con las y los universitarios para dar continuidad a su plan de trabajo. \u201cEstoy listo para trabajar para y por los Lobos de la UAdeC, busco la oportunidad de servir otros tres a\u00f1os a la universidad y&#8230;<\/p>\n","protected":false},"author":1,"featured_media":161,"comment_status":"closed","ping_status":"","sticky":false,"template":"","format":"standard","meta":{"footnotes":""},"categories":[20,2],"tags":[],"class_list":["post-160","post","type-post","status-publish","format-standard","has-post-thumbnail","hentry","category-campanas","category-uadec","wpcat-20-id","wpcat-2-id"],"_links":{"self":[{"href":"https:\/\/www.aquilaguna.com\/index.php\/wp-json\/wp\/v2\/posts\/160","targetHints":{"allow":["GET"]}}],"collection":[{"href":"https:\/\/www.aquilaguna.com\/index.php\/wp-json\/wp\/v2\/posts"}],"about":[{"href":"https:\/\/www.aquilaguna.com\/index.php\/wp-json\/wp\/v2\/types\/post"}],"author":[{"embeddable":true,"href":"https:\/\/www.aquilaguna.com\/index.php\/wp-json\/wp\/v2\/users\/1"}],"replies":[{"embeddable":true,"href":"https:\/\/www.aquilaguna.com\/index.php\/wp-json\/wp\/v2\/comments?post=160"}],"version-history":[{"count":1,"href":"https:\/\/www.aquilaguna.com\/index.php\/wp-json\/wp\/v2\/posts\/160\/revisions"}],"predecessor-version":[{"id":162,"href":"https:\/\/www.aquilaguna.com\/index.php\/wp-json\/wp\/v2\/posts\/160\/revisions\/162"}],"wp:featuredmedia":[{"embeddable":true,"href":"https:\/\/www.aquilaguna.com\/index.php\/wp-json\/wp\/v2\/media\/161"}],"wp:attachment":[{"href":"https:\/\/www.aquilaguna.com\/index.php\/wp-json\/wp\/v2\/media?parent=160"}],"wp:term":[{"taxonomy":"category","embeddable":true,"href":"https:\/\/www.aquilaguna.com\/index.php\/wp-json\/wp\/v2\/categories?post=160"},{"taxonomy":"post_tag","embeddable":true,"href":"https:\/\/www.aquilaguna.com\/index.php\/wp-json\/wp\/v2\/tags?post=160"}],"curies":[{"name":"wp","href":"https:\/\/api.w.org\/{rel}","templated":true}]}}