{"id":16000,"date":"2023-06-29T18:12:42","date_gmt":"2023-06-30T00:12:42","guid":{"rendered":"https:\/\/www.aquilaguna.com\/?p=16000"},"modified":"2023-06-29T18:12:42","modified_gmt":"2023-06-30T00:12:42","slug":"dif-coahuila-brinda-97-mil-clases-en-programa-aprender-para-crecer","status":"publish","type":"post","link":"https:\/\/www.aquilaguna.com\/index.php\/2023\/06\/29\/dif-coahuila-brinda-97-mil-clases-en-programa-aprender-para-crecer\/","title":{"rendered":"DIF COAHUILA BRINDA 97 MIL CLASES EN PROGRAMA \u2018APRENDER PARA CRECER\u2019."},"content":{"rendered":"\n<p>Saltillo, Coahuila de Zaragoza; 29 de Junio de 2023.- El Director General de DIF Coahuila, Roberto C\u00e1rdenas Zavala, se\u00f1al\u00f3 que a trav\u00e9s del programa \u201cAprender Para Crecer\u201d se impartieron m\u00e1s de 97 mil clases a m\u00e1s de 17 mil personas en todo el estado.<\/p>\n\n\n\n<p>Al encabezar, en representaci\u00f3n de Marcela Gorg\u00f3n Carrillo, Presidenta Honoraria de DIF Coahuila, la clausura del Segundo Taller para Instructor Fitness Nivel I y entregar constancias a 42 beneficiarios, el funcionario destac\u00f3 que gracias a las herramientas que brinda el DIF Coahuila miles de personas cuentan con la capacitaci\u00f3n para emprender sus proyectos productivos.<\/p>\n\n\n\n<p>\u201cGracias a la visi\u00f3n del gobernador Miguel Riquelme y de nuestra Presidenta Honoraria, Marcela Gorg\u00f3n, hemos desplegado en todas las regiones, coordinados con diversas dependencias del Gobierno del Estado, una serie de talleres de capacitaci\u00f3n que impulsan el emprendimiento y las capacidades de miles de personas para mejorar su econom\u00eda familiar\u201d, resalt\u00f3.<\/p>\n\n\n\n<p>Muestra de ello, refiri\u00f3, fue el Segundo Taller para Instructor Fitness Nivel I, que se desarroll\u00f3 durante un mes en coordinaci\u00f3n con el Instituto Estatal del Deporte en Coahuila.<\/p>\n\n\n\n<p>\u201cLas y los beneficiarios cuentan ahora con los conocimientos t\u00e9cnicos para brindar clases en sus colonias o en establecimientos del ramo, adem\u00e1s de que se fomenta la cultura de una vida saludable a trav\u00e9s de la activaci\u00f3n f\u00edsica\u201d.<\/p>\n\n\n\n<p>En el evento estuvieron presentes \u00c1ngel V\u00e1zquez, en representaci\u00f3n de Alina Garza Herrera, Directora General del Instituto Estatal del Deporte en Coahuila, as\u00ed como Rosa Elia Hern\u00e1ndez Mendoza, Directora de Voluntariado, Capacitaci\u00f3n y Fortaleza Familiar, as\u00ed como la instructora Brenda Flores.<\/p>\n","protected":false},"excerpt":{"rendered":"<p>Saltillo, Coahuila de Zaragoza; 29 de Junio de 2023.- El Director General de DIF Coahuila, Roberto C\u00e1rdenas Zavala, se\u00f1al\u00f3 que a trav\u00e9s del programa \u201cAprender Para Crecer\u201d se impartieron m\u00e1s de 97 mil clases a m\u00e1s de 17 mil personas en todo el estado. Al encabezar, en representaci\u00f3n de Marcela Gorg\u00f3n Carrillo, Presidenta Honoraria de DIF Coahuila, la clausura del Segundo Taller para Instructor Fitness Nivel I y entregar constancias&#8230;<\/p>\n","protected":false},"author":1,"featured_media":16001,"comment_status":"closed","ping_status":"closed","sticky":false,"template":"","format":"standard","meta":{"footnotes":""},"categories":[5,26,15],"tags":[],"class_list":["post-16000","post","type-post","status-publish","format-standard","has-post-thumbnail","hentry","category-coahuila","category-dif","category-gobierno-de-coahuila","wpcat-5-id","wpcat-26-id","wpcat-15-id"],"_links":{"self":[{"href":"https:\/\/www.aquilaguna.com\/index.php\/wp-json\/wp\/v2\/posts\/16000","targetHints":{"allow":["GET"]}}],"collection":[{"href":"https:\/\/www.aquilaguna.com\/index.php\/wp-json\/wp\/v2\/posts"}],"about":[{"href":"https:\/\/www.aquilaguna.com\/index.php\/wp-json\/wp\/v2\/types\/post"}],"author":[{"embeddable":true,"href":"https:\/\/www.aquilaguna.com\/index.php\/wp-json\/wp\/v2\/users\/1"}],"replies":[{"embeddable":true,"href":"https:\/\/www.aquilaguna.com\/index.php\/wp-json\/wp\/v2\/comments?post=16000"}],"version-history":[{"count":1,"href":"https:\/\/www.aquilaguna.com\/index.php\/wp-json\/wp\/v2\/posts\/16000\/revisions"}],"predecessor-version":[{"id":16002,"href":"https:\/\/www.aquilaguna.com\/index.php\/wp-json\/wp\/v2\/posts\/16000\/revisions\/16002"}],"wp:featuredmedia":[{"embeddable":true,"href":"https:\/\/www.aquilaguna.com\/index.php\/wp-json\/wp\/v2\/media\/16001"}],"wp:attachment":[{"href":"https:\/\/www.aquilaguna.com\/index.php\/wp-json\/wp\/v2\/media?parent=16000"}],"wp:term":[{"taxonomy":"category","embeddable":true,"href":"https:\/\/www.aquilaguna.com\/index.php\/wp-json\/wp\/v2\/categories?post=16000"},{"taxonomy":"post_tag","embeddable":true,"href":"https:\/\/www.aquilaguna.com\/index.php\/wp-json\/wp\/v2\/tags?post=16000"}],"curies":[{"name":"wp","href":"https:\/\/api.w.org\/{rel}","templated":true}]}}